{"id":117859,"date":"2025-12-26T21:12:39","date_gmt":"2025-12-26T21:12:39","guid":{"rendered":"https:\/\/www.europesays.com\/se\/117859\/"},"modified":"2025-12-26T21:12:39","modified_gmt":"2025-12-26T21:12:39","slug":"ovantad-vit-jul-pa-kusten","status":"publish","type":"post","link":"https:\/\/www.europesays.com\/se\/117859\/","title":{"rendered":"Ov\u00e4ntad vit jul p\u00e5 kusten"},"content":{"rendered":"<p class=\"rubrik4 ingress article-body\">\u00d6VR. COSTA DEL SOL En kraftig hagelstorm drog under julafton in \u00f6ster om M\u00e1laga och t\u00e4ckte gator och str\u00e4nder under ett vitt t\u00e4cke. Ov\u00e4dret orsakade \u00e4ven trafikproblem och tvingade myndigheterna att utf\u00e4rda en orange v\u00e4dervarning.<\/p>\n<p class=\"text\">Det var strax efter lunchtid p\u00e5 onsdagen som v\u00e4dret pl\u00f6tsligt slog om. Inv\u00e5nare i kustkommuner som Rinc\u00f3n de la Victoria och V\u00e9lez-M\u00e1laga, samt i inlandsbyar som Alm\u00e1char och El Borge, \u00f6verraskades av intensiva skurar av regn och hagel. Fenomenet var s\u00e5 lokalt att solen samtidigt sken i provinshuvudstaden M\u00e1laga, bara n\u00e5gon mil bort. I Chilches f\u00e5ngades dessutom en tromb p\u00e5 bild ute till havs, vilket skapade spektakul\u00e4ra scener f\u00f6r julfirarna, skriver <a href=\"https:\/\/www.diariosur.es\/axarquia\/tormenta-granizo-sorprende-vecinos-axarquia-20251224154821-nt.html\" target=\"_blank\" rel=\"nofollow noopener\">Diario Sur<\/a>.&#13;<\/p>\n<p>Haglet lade sig som ett vitt t\u00e4cke \u00f6ver landskapet och n\u00e5dde \u00e4nda ner till str\u00e4nderna, vilket gav en k\u00e4nsla av en vit jul p\u00e5 den annars soliga kusten. P\u00e5 kustv\u00e4gen A-7 skapade isen och den d\u00e5liga sikten stora problem f\u00f6r trafiken, vilket ledde till k\u00f6er och mindre pl\u00e5tskador. R\u00e4ddningstj\u00e4nsten 112 fick in ett tiotal larm om \u00f6versv\u00e4mningar i bost\u00e4der och p\u00e5 allm\u00e4nna v\u00e4gar.&#13;<\/p>\n<p>Myndigheterna aktiverade en orange varning f\u00f6r kraftigt regn och regionstyret i Andalusien h\u00f6jde beredskapen f\u00f6r risk f\u00f6r \u00f6versv\u00e4mningar. I Rinc\u00f3n de la Victoria st\u00e4ngdes en v\u00e4gstr\u00e4cka av p\u00e5 grund av stigande vattenniv\u00e5er i en flodf\u00e5ra, och kommunen uppmanade inv\u00e5narna att undvika on\u00f6diga resor. &#13;<\/p>\n<p>Trots intensiteten i ov\u00e4dret har inga allvarliga personskador rapporterats.<\/p>\n","protected":false},"excerpt":{"rendered":"\u00d6VR. COSTA DEL SOL En kraftig hagelstorm drog under julafton in \u00f6ster om M\u00e1laga och t\u00e4ckte gator och&hellip;\n","protected":false},"author":2,"featured_media":117860,"comment_status":"","ping_status":"","sticky":false,"template":"","format":"standard","meta":{"footnotes":""},"categories":[14],"tags":[22,23,1051,26,27,17,21,4426,12635,24,25,28,29,15,16,12633,12395,18,34,691,31,33,32,30,1050,1059,19,20,51,12634,52,53,54],"class_list":{"0":"post-117859","1":"post","2":"type-post","3":"status-publish","4":"format-standard","5":"has-post-thumbnail","7":"category-varlden","8":"tag-breaking-news","9":"tag-breakingnews","10":"tag-costa-del-sol","11":"tag-featured-news","12":"tag-featurednews","13":"tag-headlines","14":"tag-huvudnyheter","15":"tag-jul","16":"tag-kusten","17":"tag-latest-news","18":"tag-latestnews","19":"tag-main-news","20":"tag-mainnews","21":"tag-news","22":"tag-nyheter","23":"tag-ovntad","24":"tag-p","25":"tag-rubriker","26":"tag-se","27":"tag-spanien","28":"tag-svenska","29":"tag-sverige","30":"tag-sweden","31":"tag-swedish","32":"tag-sydkusten","33":"tag-sydkusten-es","34":"tag-top-stories","35":"tag-topstories","36":"tag-varlden","37":"tag-vit","38":"tag-world","39":"tag-world-news","40":"tag-worldnews"},"share_on_mastodon":{"url":"https:\/\/pubeurope.com\/@se\/115787932760640547","error":""},"_links":{"self":[{"href":"https:\/\/www.europesays.com\/se\/wp-json\/wp\/v2\/posts\/117859","targetHints":{"allow":["GET"]}}],"collection":[{"href":"https:\/\/www.europesays.com\/se\/wp-json\/wp\/v2\/posts"}],"about":[{"href":"https:\/\/www.europesays.com\/se\/wp-json\/wp\/v2\/types\/post"}],"author":[{"embeddable":true,"href":"https:\/\/www.europesays.com\/se\/wp-json\/wp\/v2\/users\/2"}],"replies":[{"embeddable":true,"href":"https:\/\/www.europesays.com\/se\/wp-json\/wp\/v2\/comments?post=117859"}],"version-history":[{"count":0,"href":"https:\/\/www.europesays.com\/se\/wp-json\/wp\/v2\/posts\/117859\/revisions"}],"wp:featuredmedia":[{"embeddable":true,"href":"https:\/\/www.europesays.com\/se\/wp-json\/wp\/v2\/media\/117860"}],"wp:attachment":[{"href":"https:\/\/www.europesays.com\/se\/wp-json\/wp\/v2\/media?parent=117859"}],"wp:term":[{"taxonomy":"category","embeddable":true,"href":"https:\/\/www.europesays.com\/se\/wp-json\/wp\/v2\/categories?post=117859"},{"taxonomy":"post_tag","embeddable":true,"href":"https:\/\/www.europesays.com\/se\/wp-json\/wp\/v2\/tags?post=117859"}],"curies":[{"name":"wp","href":"https:\/\/api.w.org\/{rel}","templated":true}]}}