{"id":117871,"date":"2025-12-26T21:29:11","date_gmt":"2025-12-26T21:29:11","guid":{"rendered":"https:\/\/www.europesays.com\/se\/117871\/"},"modified":"2025-12-26T21:29:11","modified_gmt":"2025-12-26T21:29:11","slug":"karoline-leavitt-gravid-gor-henne-historisk","status":"publish","type":"post","link":"https:\/\/www.europesays.com\/se\/117871\/","title":{"rendered":"Karoline Leavitt gravid \u2013 g\u00f6r henne historisk"},"content":{"rendered":"<p>Publicerad 26 dec 2025 kl 20.38Uppdaterad kl 22.15<\/p>\n<p>Vita husets pressekreterare Karoline Leavitt \u00e4r gravid med sitt andra barn.<\/p>\n<p>Det g\u00f6r henne historisk, skriver <a href=\"https:\/\/www.foxnews.com\/politics\/karoline-leavitt-expecting-baby-girl-may-2026-says-motherhood-closest-thing-heaven-earth\" rel=\"nofollow noopener\" target=\"_blank\">Fox News<\/a>.<\/p>\n<p>\u2013 Jag \u00e4r bortom exalterad, s\u00e4ger hon till tv-kanalen.<\/p>\n<p>Nyheter, intervjuer och reportage om att Donald Trump \u00e4r USA:s president.<img   alt=\"\"\/><\/p>\n<p>Karoline Leavitt v\u00e4ntar barn.<\/p>\n<p>Foto: Samuel Corum\/Sipa USA \/ SipaUSA \/ TT NYHETSBYR\u00c5N<\/p>\n<p>\u00d6ppna bild i helsk\u00e4rm<\/p>\n<p><a href=\"https:\/\/www.expressen.se\/tagg\/person\/karoline-leavitt\/\" class=\"\" rel=\"nofollow noopener\" target=\"_blank\">Karoline Leavitt<\/a> och hennes make Nick fick sitt f\u00f6rsta barn, sonen Niko, i juli 2024. Nu v\u00e4ntar de sitt andra barn, en flicka, som \u00e4r ber\u00e4knad till maj 2026.<\/p>\n<p>Det rapporterar <a href=\"https:\/\/www.foxnews.com\/politics\/karoline-leavitt-expecting-baby-girl-may-2026-says-motherhood-closest-thing-heaven-earth\" rel=\"nofollow noopener\" target=\"_blank\">Fox News<\/a>.<\/p>\n<p>\u2013 Vi \u00e4r otroligt glada \u00f6ver att ut\u00f6ka v\u00e5r familj och kan inte b\u00e4rga oss till att se v\u00e5r son bli storebror. Mitt hj\u00e4rta sv\u00e4mmar \u00f6ver av tacksamhet till Gud f\u00f6r moderskapets v\u00e4lsignelse, som jag verkligen tror \u00e4r det n\u00e4rmaste man kommer himlen p\u00e5 jorden, s\u00e4ger pressekreteraren till tv-kanalen.<\/p>\n<p>Tackar Trump f\u00f6r st\u00f6det<\/p>\n<p>Leavitt \u00e4r, enligt Fox News, den f\u00f6rsta gravida pressekreteraren i USA:s historia. Och hon uttrycker tacksamhet gentemot Donald Trump och Vita husets stabschef Susie Wiles.<\/p>\n<p>\u2013 F\u00f6r deras st\u00f6d och f\u00f6r att de fr\u00e4mjar en familjev\u00e4nlig milj\u00f6 i Vita huset, s\u00e4ger hon till Fox News.<\/p>\n<p>\u2013 N\u00e4stan alla mina kolleger i V\u00e4stra flygeln har sp\u00e4dbarn och sm\u00e5 barn, s\u00e5 vi st\u00f6ttar verkligen varandra i att bilda familjer samtidigt som vi jobbar f\u00f6r den b\u00e4sta presidenten n\u00e5gonsin.<\/p>\n<p>Leavitt tror p\u00e5 \u201dfantastiskt\u201d 2026<\/p>\n<p>Karoline Leavitt beskriver det som att hon \u00e4r \u201dbortom exalterad\u201d att bli mamma till en flicka, samtidigt som hon \u00e4r \u00f6vertygad om att 2026 kommer att bli ett \u201dfantastiskt\u201d \u00e5r \u00e4ven f\u00f6r Donald Trump och f\u00f6r USA.<\/p>\n<p>Hur l\u00e4nge Leavitt ska vara ledig efter f\u00f6rlossningen framg\u00e5r inte, men Fox News skriver att hon kommer att beh\u00e5lla sin tj\u00e4nst.<\/p>\n<p>Hon tilltr\u00e4dde som pressekreterare f\u00f6r Vita huset n\u00e4r Donald Trump p\u00e5b\u00f6rjade sin andra mandatperiod, i januari i \u00e5r.<\/p>\n","protected":false},"excerpt":{"rendered":"Publicerad 26 dec 2025 kl 20.38Uppdaterad kl 22.15 Vita husets pressekreterare Karoline Leavitt \u00e4r gravid med sitt andra&hellip;\n","protected":false},"author":2,"featured_media":117872,"comment_status":"","ping_status":"","sticky":false,"template":"","format":"standard","meta":{"footnotes":""},"categories":[65],"tags":[72,70,71,9256,34,55,31,33,32,30,204],"class_list":{"0":"post-117871","1":"post","2":"type-post","3":"status-publish","4":"format-standard","5":"has-post-thumbnail","7":"category-ekonomi","8":"tag-business","9":"tag-economy","10":"tag-ekonomi","11":"tag-person-karoline-leavitt","12":"tag-se","13":"tag-sections-varlden","14":"tag-svenska","15":"tag-sverige","16":"tag-sweden","17":"tag-swedish","18":"tag-topic-amerikansk-politik"},"share_on_mastodon":{"url":"https:\/\/pubeurope.com\/@se\/115787999611400699","error":""},"_links":{"self":[{"href":"https:\/\/www.europesays.com\/se\/wp-json\/wp\/v2\/posts\/117871","targetHints":{"allow":["GET"]}}],"collection":[{"href":"https:\/\/www.europesays.com\/se\/wp-json\/wp\/v2\/posts"}],"about":[{"href":"https:\/\/www.europesays.com\/se\/wp-json\/wp\/v2\/types\/post"}],"author":[{"embeddable":true,"href":"https:\/\/www.europesays.com\/se\/wp-json\/wp\/v2\/users\/2"}],"replies":[{"embeddable":true,"href":"https:\/\/www.europesays.com\/se\/wp-json\/wp\/v2\/comments?post=117871"}],"version-history":[{"count":0,"href":"https:\/\/www.europesays.com\/se\/wp-json\/wp\/v2\/posts\/117871\/revisions"}],"wp:featuredmedia":[{"embeddable":true,"href":"https:\/\/www.europesays.com\/se\/wp-json\/wp\/v2\/media\/117872"}],"wp:attachment":[{"href":"https:\/\/www.europesays.com\/se\/wp-json\/wp\/v2\/media?parent=117871"}],"wp:term":[{"taxonomy":"category","embeddable":true,"href":"https:\/\/www.europesays.com\/se\/wp-json\/wp\/v2\/categories?post=117871"},{"taxonomy":"post_tag","embeddable":true,"href":"https:\/\/www.europesays.com\/se\/wp-json\/wp\/v2\/tags?post=117871"}],"curies":[{"name":"wp","href":"https:\/\/api.w.org\/{rel}","templated":true}]}}