{"id":117873,"date":"2025-12-26T21:32:27","date_gmt":"2025-12-26T21:32:27","guid":{"rendered":"https:\/\/www.europesays.com\/se\/117873\/"},"modified":"2025-12-26T21:32:27","modified_gmt":"2025-12-26T21:32:27","slug":"halften-sa-lang-vinter-har-har-det-blivit-som-brunast","status":"publish","type":"post","link":"https:\/\/www.europesays.com\/se\/117873\/","title":{"rendered":"H\u00e4lften s\u00e5 l\u00e5ng vinter \u2013 h\u00e4r har det blivit som brunast"},"content":{"rendered":"<p>Sannolikheten f\u00f6r perioder med sn\u00f6 i Sverige minskar, rapporterar TT. <\/p>\n<p>P\u00e5 flera av SMHI:s 37 v\u00e4derstationer har man konstaterat att vintrarna blivit i genomsnitt h\u00e4lften s\u00e5 l\u00e5nga de senaste fem \u00e5ren j\u00e4mf\u00f6rt med mellan 1950 och 2000.<\/p>\n<p>N\u00e5gra orter sticker ut. I V\u00e4ster\u00e5s, Ulricehamn, V\u00e4xj\u00f6, \u00d6rebro, Stockholm, Falun och Malung hade vintrarna varit de brunaste hittills. <\/p>\n<p>\u2013\u202fI de delar av landet som \u00e4ven tidigare var i gr\u00e4nszonen mellan regn och sn\u00f6, fr\u00e4mst i s\u00f6dra Sverige och kusttrakterna, g\u00f6r en temperaturh\u00f6jning att man kommer \u00e4nnu mer in p\u00e5 plussidan, s\u00e4ger Sverker Hellstr\u00f6m, klimatolog p\u00e5 SMHI, till TT. <\/p>\n<p>Omni \u00e4r politiskt obundna och oberoende. Vi str\u00e4var efter att ge fler perspektiv p\u00e5 nyheterna. Har du fr\u00e5gor eller synpunkter kring v\u00e5r rapportering? <a href=\"https:\/\/omni.se\/halften-sa-lang-vinter-har-har-det-blivit-som-brunast\/a\/mailto:redaktion@omni.se\" class=\"ArticleActions_contactLink__W2F1M\" rel=\"nofollow noopener\" target=\"_blank\">Kontakta redaktionen<\/a><\/p>\n","protected":false},"excerpt":{"rendered":"Sannolikheten f\u00f6r perioder med sn\u00f6 i Sverige minskar, rapporterar TT. P\u00e5 flera av SMHI:s 37 v\u00e4derstationer har man&hellip;\n","protected":false},"author":2,"featured_media":117874,"comment_status":"","ping_status":"","sticky":false,"template":"","format":"standard","meta":{"footnotes":""},"categories":[5],"tags":[22,23,26,27,17,21,528,940,24,25,28,29,6378,15,16,1146,1147,18,34,842,258,127,31,33,32,30,19,20,1767,693,4337,1084,2243],"class_list":{"0":"post-117873","1":"post","2":"type-post","3":"status-publish","4":"format-standard","5":"has-post-thumbnail","7":"category-rubriker","8":"tag-breaking-news","9":"tag-breakingnews","10":"tag-featured-news","11":"tag-featurednews","12":"tag-headlines","13":"tag-huvudnyheter","14":"tag-klimat-miljo","15":"tag-klimathotet","16":"tag-latest-news","17":"tag-latestnews","18":"tag-main-news","19":"tag-mainnews","20":"tag-malung","21":"tag-news","22":"tag-nyheter","23":"tag-orebro","24":"tag-orebro-lan","25":"tag-rubriker","26":"tag-se","27":"tag-smhi","28":"tag-stockholm","29":"tag-stockholms-lan","30":"tag-svenska","31":"tag-sverige","32":"tag-sweden","33":"tag-swedish","34":"tag-top-stories","35":"tag-topstories","36":"tag-ulricehamn","37":"tag-vader","38":"tag-vastmanlands-lan","39":"tag-vastra-gotalands-lan","40":"tag-vaxjo"},"share_on_mastodon":{"url":"https:\/\/pubeurope.com\/@se\/115788011516916380","error":""},"_links":{"self":[{"href":"https:\/\/www.europesays.com\/se\/wp-json\/wp\/v2\/posts\/117873","targetHints":{"allow":["GET"]}}],"collection":[{"href":"https:\/\/www.europesays.com\/se\/wp-json\/wp\/v2\/posts"}],"about":[{"href":"https:\/\/www.europesays.com\/se\/wp-json\/wp\/v2\/types\/post"}],"author":[{"embeddable":true,"href":"https:\/\/www.europesays.com\/se\/wp-json\/wp\/v2\/users\/2"}],"replies":[{"embeddable":true,"href":"https:\/\/www.europesays.com\/se\/wp-json\/wp\/v2\/comments?post=117873"}],"version-history":[{"count":0,"href":"https:\/\/www.europesays.com\/se\/wp-json\/wp\/v2\/posts\/117873\/revisions"}],"wp:featuredmedia":[{"embeddable":true,"href":"https:\/\/www.europesays.com\/se\/wp-json\/wp\/v2\/media\/117874"}],"wp:attachment":[{"href":"https:\/\/www.europesays.com\/se\/wp-json\/wp\/v2\/media?parent=117873"}],"wp:term":[{"taxonomy":"category","embeddable":true,"href":"https:\/\/www.europesays.com\/se\/wp-json\/wp\/v2\/categories?post=117873"},{"taxonomy":"post_tag","embeddable":true,"href":"https:\/\/www.europesays.com\/se\/wp-json\/wp\/v2\/tags?post=117873"}],"curies":[{"name":"wp","href":"https:\/\/api.w.org\/{rel}","templated":true}]}}