{"id":117875,"date":"2025-12-26T21:34:25","date_gmt":"2025-12-26T21:34:25","guid":{"rendered":"https:\/\/www.europesays.com\/se\/117875\/"},"modified":"2025-12-26T21:34:25","modified_gmt":"2025-12-26T21:34:25","slug":"hudon-om-resan-stressen-smallen-och-svackan","status":"publish","type":"post","link":"https:\/\/www.europesays.com\/se\/117875\/","title":{"rendered":"Hudon om resan, stressen, sm\u00e4llen och svackan"},"content":{"rendered":"<p class=\"\">Den NHL-meriterade kanadensiska Djurg\u00e5rdsstj\u00e4rnan Charles Hudon fick ledigt mitt under s\u00e4songen f\u00f6r att ombestyra ett personligt \u00e4rende hemma i Kanada.<\/p>\n<p class=\"\">Det gjorde att han inte kunde spela i 5\u20132-f\u00f6rlusten borta mot HV71.<\/p>\n<p><a target=\"_blank\" href=\"https:\/\/hockeynews.se\/plus\" rel=\"nofollow noopener\"><img alt=\"Djurg\u00e5rden\/Link\u00f6ping - Challe\" loading=\"lazy\" width=\"30\" height=\"30\" decoding=\"async\" data-nimg=\"1\" class=\"mx-auto md:mx-0\" style=\"color:transparent\" src=\"https:\/\/delivery2.objectic.io\/7QMcOQTPxZudozTrjFxeQs\/HNbtnbmfMkQx\/TtvB7dMtOhb4wtx768wV3GygIB0Ll2w0KKXvWFpC.svg\"\/><\/p>\n<p class=\"\"><strong>Skaffa PLUS<\/strong> \u2013 \u00e5rskortet f\u00f6r 349 kr med koden CHALLE50 (ord. 699 kr).<\/p>\n<p><\/a><\/p>\n<p class=\"\">P\u00e5 v\u00e4gen tillbaka till Stockholm efter n\u00e4stan en vecka i Kanada blev Charles Hudons plan f\u00f6rsenat.<\/p>\n<p class=\"\">S\u00e5 han fick g\u00f6ra vad han kunde f\u00f6r att vara redo till klockan 18 d\u00e5 pucken sl\u00e4pptes mellan Djurg\u00e5rden och Leksand inf\u00f6r 13 950 \u00e5sk\u00e5dare.<\/p>\n<p class=\"\">Djurg\u00e5rden satte upp Hudon som extraforward i laguppst\u00e4llningen.<\/p>\n<p class=\"\">\u2013 Jag kom under f\u00f6rsta perioden. Jag stretchade p\u00e5 planet och p\u00e5 t\u00e5get f\u00f6r att vara redo att ge ut mig p\u00e5 isen med killarna, s\u00e4ger Hudon till Hockeynews.<\/p>\n<p class=\"\">Han forts\u00e4tter:<\/p>\n<p class=\"\">\u2013 De sa att jag inte skulle spela i f\u00f6rsta perioden, men jag sa, okej, jag kommer att vara p\u00e5 b\u00e4nken. Jag f\u00f6rs\u00f6kte g\u00f6ra mitt b\u00e4sta.<\/p>\n<p>Kastades in i hettan vid 2\u20130-underl\u00e4ge<\/p>\n<p class=\"\">Det blev tv\u00e5 byten f\u00f6r Hudon mot Leksand i slutet av den f\u00f6rsta perioden. Lite mer \u00e4n en minut.<\/p>\n<p class=\"\">\u2013 Jag kunde inte g\u00f6ra n\u00e5t \u00e5t att planet var f\u00f6rsenat men tog mig hit och f\u00f6rs\u00f6kte g\u00f6ra allt f\u00f6r att bidra s\u00e5 mycket som m\u00f6jligt.<\/p>\n<p class=\"\">Charles Hudon kom in i matchen p\u00e5 riktigt i andra perioden och spelade d\u00e5 med Marcus Kr\u00fcger och Jesse Yl\u00f6nen.<\/p>\n<p class=\"\">D\u00e5 l\u00e5g Djurg\u00e5rden under med 2\u20130 efter en bedr\u00f6vlig start. Hudon \u00e5kte sj\u00e4lv p\u00e5 en tuff tackling i ryggen vid sargen, men leksingen Arvid Eljas klarade sig utan utvisning.<\/p>\n<p class=\"\">Hudon brakade in i sargen och blev liggande. Han fick hj\u00e4lp av isen och fick vila n\u00e5gra minuter p\u00e5 avbytarb\u00e4nken.<\/p>\n<p class=\"\">\u2013 Det k\u00e4ndes som jag blev f\u00e4lld. Men vi f\u00e5r se imorgon hur det k\u00e4nns, s\u00e4ger Hudon besviket.<\/p>\n<p><img alt=\"Charles Hudon\" loading=\"lazy\" decoding=\"async\" data-nimg=\"fill\" class=\"object-cover\" style=\"position:absolute;height:100%;width:100%;left:0;top:0;right:0;bottom:0;color:transparent\"   src=\"https:\/\/www.europesays.com\/se\/wp-content\/uploads\/2025\/12\/jnebQfbJ0oDVqDtUkWelLFvdl5guFksDdQ8GPCXo.jpg\"\/>&#8221;F\u00f6rs\u00f6kte ta mig igenom sm\u00e4rtan&#8221;<\/p>\n<p class=\"\">Hans ena fot \u00e4r omlindad med en isp\u00e5se.<\/p>\n<p class=\"\">\u2013 De ville inte ta av min skridsko f\u00f6r jag k\u00e4nde att det b\u00f6rjade svullna. Jag f\u00f6rs\u00f6kte ta mig igenom sm\u00e4rtan och fullf\u00f6lja matchen.<\/p>\n<p class=\"\">Det gjorde Hudon och han var en av de b\u00e4ttre i ett blekt Djurg\u00e5rden. Men han gillade inte tacklingen. Det m\u00e4rks tydligt.<\/p>\n<p class=\"\">\u2013 Det fanns inget s\u00e4tt f\u00f6r mig att f\u00f6rsvara mig. N\u00e5n annan beh\u00f6vde g\u00f6ra n\u00e5t. Om inte mina lagkamrater s\u00e5 n\u00e5n annan p\u00e5 isen m\u00e5ste g\u00f6ra ett b\u00e4ttre jobb f\u00f6r att f\u00f6rsvara oss. Jag vet inte. Det blev ingen utvisning. Det var konstigt.<\/p>\n<p class=\"\">Han vill inte g\u00e5 in p\u00e5 vad som fick honom att bege sig hem till Kanada mitt i s\u00e4songen.<\/p>\n<p class=\"\">\u2013 Det var personliga saker. Jag vill inte prata om det.<\/p>\n<p class=\"\"><strong>N\u00e4r best\u00e4mde du dig?<\/strong><\/p>\n<p class=\"\">\u2013 Jag och Niklas (Wikeg\u00e5rd) pratade om det tv\u00e5 veckor innan jag \u00e5kte s\u00e5 f\u00f6r tre veckor sedan. Jag var glad att laget l\u00e4t mig \u00e5ka.<\/p>\n<p class=\"\">\u2013 Det \u00e4r ingen hemlighet, det \u00e4r bara det att jag inte vill prata om det.<\/p>\n<p class=\"\">Djurg\u00e5rden har hamnat i en svacka med bara nio po\u00e4ng de senaste elva matcherna.<\/p>\n<p class=\"\">\u2013 Ja, det b\u00f6rjade f\u00f6r en m\u00e5nad sedan. Jag sa i en intervju att vi beh\u00f6ver se oss sj\u00e4lva i spegeln. Svaret finns i omkl\u00e4dningsrummet och det handlar inte om n\u00e5gon annan runt omkring utan bara om oss. Vi hade ett bra snack efter matchen och kommer att beh\u00f6va ha flera s\u00e5na. G\u00f6ra de enkla sakerna som vi gjorde i b\u00f6rjan av s\u00e4songen och som vi gjorde bra. Jag s\u00e4ger inte att det blir som att kn\u00e4ppa p\u00e5 en str\u00f6mbrytare utan det kommer att ta tid men vi beh\u00f6ver alla vara p\u00e5 samma sida.<\/p>\n<p>Kommentarer TopprankadeSenaste\u00c4ldstaTrendar<\/p>\n<p>Skaffa PLUS f\u00f6r att kommentera<\/p>\n<p>Med en aktiv PLUS-prenumeration kan du kommentera, svara p\u00e5 andra och gilla kommentarer.<\/p>\n<p><a class=\"btn-primary btn-small\" href=\"https:\/\/hockeynews.se\/plus\" rel=\"nofollow noopener\" target=\"_blank\">Skaffa PLUS<\/a><\/p>\n<p>Halva priset p\u00e5 TV4 Play Sport Hockey \u2013 <a class=\"text-yellow underline\" href=\"https:\/\/www.tv4play.se\/kampanj\/hockeynewshockey\" rel=\"nofollow noopener\" target=\"_blank\">f\u00e5 kod med Hockeynews h\u00e4r!<\/a> (Annons)<\/p>\n","protected":false},"excerpt":{"rendered":"Den NHL-meriterade kanadensiska Djurg\u00e5rdsstj\u00e4rnan Charles Hudon fick ledigt mitt under s\u00e4songen f\u00f6r att ombestyra ett personligt \u00e4rende hemma&hellip;\n","protected":false},"author":2,"featured_media":117876,"comment_status":"","ping_status":"","sticky":false,"template":"","format":"standard","meta":{"footnotes":""},"categories":[68],"tags":[34,111,110,31,33,32,30],"class_list":{"0":"post-117875","1":"post","2":"type-post","3":"status-publish","4":"format-standard","5":"has-post-thumbnail","7":"category-sport","8":"tag-se","9":"tag-sport","10":"tag-sports","11":"tag-svenska","12":"tag-sverige","13":"tag-sweden","14":"tag-swedish"},"share_on_mastodon":{"url":"https:\/\/pubeurope.com\/@se\/115788019651490617","error":""},"_links":{"self":[{"href":"https:\/\/www.europesays.com\/se\/wp-json\/wp\/v2\/posts\/117875","targetHints":{"allow":["GET"]}}],"collection":[{"href":"https:\/\/www.europesays.com\/se\/wp-json\/wp\/v2\/posts"}],"about":[{"href":"https:\/\/www.europesays.com\/se\/wp-json\/wp\/v2\/types\/post"}],"author":[{"embeddable":true,"href":"https:\/\/www.europesays.com\/se\/wp-json\/wp\/v2\/users\/2"}],"replies":[{"embeddable":true,"href":"https:\/\/www.europesays.com\/se\/wp-json\/wp\/v2\/comments?post=117875"}],"version-history":[{"count":0,"href":"https:\/\/www.europesays.com\/se\/wp-json\/wp\/v2\/posts\/117875\/revisions"}],"wp:featuredmedia":[{"embeddable":true,"href":"https:\/\/www.europesays.com\/se\/wp-json\/wp\/v2\/media\/117876"}],"wp:attachment":[{"href":"https:\/\/www.europesays.com\/se\/wp-json\/wp\/v2\/media?parent=117875"}],"wp:term":[{"taxonomy":"category","embeddable":true,"href":"https:\/\/www.europesays.com\/se\/wp-json\/wp\/v2\/categories?post=117875"},{"taxonomy":"post_tag","embeddable":true,"href":"https:\/\/www.europesays.com\/se\/wp-json\/wp\/v2\/tags?post=117875"}],"curies":[{"name":"wp","href":"https:\/\/api.w.org\/{rel}","templated":true}]}}