{"id":117877,"date":"2025-12-26T21:37:42","date_gmt":"2025-12-26T21:37:42","guid":{"rendered":"https:\/\/www.europesays.com\/se\/117877\/"},"modified":"2025-12-26T21:37:42","modified_gmt":"2025-12-26T21:37:42","slug":"kina-lanserar-miljardfonder-for-avancerad-teknologi","status":"publish","type":"post","link":"https:\/\/www.europesays.com\/se\/117877\/","title":{"rendered":"Kina lanserar miljardfonder f\u00f6r avancerad teknologi"},"content":{"rendered":"<p><strong>Varje fond f\u00e5r <\/strong>ett kapital p\u00e5 \u00f6ver 50 miljarder yuan, motsvarande cirka 65 miljarder kronor. Fokus ligger p\u00e5 investeringar i tidiga startup-bolag med v\u00e4rderingar under 500 miljoner yuan, eller omkring 660 miljoner kronor. Enskilda investeringar ska inte \u00f6verstiga 50 miljoner yuan, vilket motsvarar runt 65 miljoner kronor, enligt kinesiska statliga medier.<\/p>\n<p>Satsningen riktas mot bolag inom omr\u00e5den som halvledare, kvantteknologi, biomedicin, neuroteknik och rymdteknik \u2013 sektorer som pekas ut som strategiskt viktiga f\u00f6r Kinas teknikutveckling.\u00a0<\/p>\n<p>Internetbaserade tj\u00e4nster och mjukvarubolag ing\u00e5r d\u00e4remot inte i fondernas mandat.<\/p>\n<p><strong>L\u00c4S MER: <\/strong><a href=\"https:\/\/www.di.se\/nyheter\/kina-infor-sanktioner-mot-amerikanska-forsvarsbolag\/\" rel=\"nofollow noopener\" target=\"_blank\">Kina inf\u00f6r sanktioner mot amerikanska f\u00f6rsvarsbolag<\/a><\/p>\n","protected":false},"excerpt":{"rendered":"Varje fond f\u00e5r ett kapital p\u00e5 \u00f6ver 50 miljarder yuan, motsvarande cirka 65 miljarder kronor. Fokus ligger p\u00e5&hellip;\n","protected":false},"author":2,"featured_media":117878,"comment_status":"","ping_status":"","sticky":false,"template":"","format":"standard","meta":{"footnotes":""},"categories":[65],"tags":[72,70,71,34,31,33,32,30],"class_list":{"0":"post-117877","1":"post","2":"type-post","3":"status-publish","4":"format-standard","5":"has-post-thumbnail","7":"category-ekonomi","8":"tag-business","9":"tag-economy","10":"tag-ekonomi","11":"tag-se","12":"tag-svenska","13":"tag-sverige","14":"tag-sweden","15":"tag-swedish"},"share_on_mastodon":{"url":"https:\/\/pubeurope.com\/@se\/115788031151017564","error":""},"_links":{"self":[{"href":"https:\/\/www.europesays.com\/se\/wp-json\/wp\/v2\/posts\/117877","targetHints":{"allow":["GET"]}}],"collection":[{"href":"https:\/\/www.europesays.com\/se\/wp-json\/wp\/v2\/posts"}],"about":[{"href":"https:\/\/www.europesays.com\/se\/wp-json\/wp\/v2\/types\/post"}],"author":[{"embeddable":true,"href":"https:\/\/www.europesays.com\/se\/wp-json\/wp\/v2\/users\/2"}],"replies":[{"embeddable":true,"href":"https:\/\/www.europesays.com\/se\/wp-json\/wp\/v2\/comments?post=117877"}],"version-history":[{"count":0,"href":"https:\/\/www.europesays.com\/se\/wp-json\/wp\/v2\/posts\/117877\/revisions"}],"wp:featuredmedia":[{"embeddable":true,"href":"https:\/\/www.europesays.com\/se\/wp-json\/wp\/v2\/media\/117878"}],"wp:attachment":[{"href":"https:\/\/www.europesays.com\/se\/wp-json\/wp\/v2\/media?parent=117877"}],"wp:term":[{"taxonomy":"category","embeddable":true,"href":"https:\/\/www.europesays.com\/se\/wp-json\/wp\/v2\/categories?post=117877"},{"taxonomy":"post_tag","embeddable":true,"href":"https:\/\/www.europesays.com\/se\/wp-json\/wp\/v2\/tags?post=117877"}],"curies":[{"name":"wp","href":"https:\/\/api.w.org\/{rel}","templated":true}]}}