{"id":117879,"date":"2025-12-26T21:39:16","date_gmt":"2025-12-26T21:39:16","guid":{"rendered":"https:\/\/www.europesays.com\/se\/117879\/"},"modified":"2025-12-26T21:39:16","modified_gmt":"2025-12-26T21:39:16","slug":"man-avliden-efter-olycka-med-husbil-i-vannasby","status":"publish","type":"post","link":"https:\/\/www.europesays.com\/se\/117879\/","title":{"rendered":"Man avliden efter olycka med husbil i V\u00e4nn\u00e4sby"},"content":{"rendered":"<p>Vid lunchtid den 25 december inkom ett larm till SOS. En olycka hade intr\u00e4ffat i V\u00e4nn\u00e4sby.R\u00e4ddningstj\u00e4nst och ambulans ryckte ut till adressen d\u00e4r det visade sig att en man i 40-45-\u00e5rs\u00e5ldern hade kl\u00e4mts under en husbil i samband med reparation p\u00e5 sin g\u00e5rd. Han f\u00f6rdes till sjukv\u00e5rd och lades in p\u00e5 intensiven vid Norrlands universitetssjukhus med kritiska skador, rappor<\/p>\n","protected":false},"excerpt":{"rendered":"Vid lunchtid den 25 december inkom ett larm till SOS. En olycka hade intr\u00e4ffat i V\u00e4nn\u00e4sby.R\u00e4ddningstj\u00e4nst och ambulans&hellip;\n","protected":false},"author":2,"featured_media":16712,"comment_status":"","ping_status":"","sticky":false,"template":"","format":"standard","meta":{"footnotes":""},"categories":[12],"tags":[22,23,26,27,17,21,24,25,28,29,15,16,18,34,31,33,32,30,19,20],"class_list":{"0":"post-117879","1":"post","2":"type-post","3":"status-publish","4":"format-standard","5":"has-post-thumbnail","7":"category-sverige","8":"tag-breaking-news","9":"tag-breakingnews","10":"tag-featured-news","11":"tag-featurednews","12":"tag-headlines","13":"tag-huvudnyheter","14":"tag-latest-news","15":"tag-latestnews","16":"tag-main-news","17":"tag-mainnews","18":"tag-news","19":"tag-nyheter","20":"tag-rubriker","21":"tag-se","22":"tag-svenska","23":"tag-sverige","24":"tag-sweden","25":"tag-swedish","26":"tag-top-stories","27":"tag-topstories"},"share_on_mastodon":{"url":"https:\/\/pubeurope.com\/@se\/115788039246206644","error":""},"_links":{"self":[{"href":"https:\/\/www.europesays.com\/se\/wp-json\/wp\/v2\/posts\/117879","targetHints":{"allow":["GET"]}}],"collection":[{"href":"https:\/\/www.europesays.com\/se\/wp-json\/wp\/v2\/posts"}],"about":[{"href":"https:\/\/www.europesays.com\/se\/wp-json\/wp\/v2\/types\/post"}],"author":[{"embeddable":true,"href":"https:\/\/www.europesays.com\/se\/wp-json\/wp\/v2\/users\/2"}],"replies":[{"embeddable":true,"href":"https:\/\/www.europesays.com\/se\/wp-json\/wp\/v2\/comments?post=117879"}],"version-history":[{"count":0,"href":"https:\/\/www.europesays.com\/se\/wp-json\/wp\/v2\/posts\/117879\/revisions"}],"wp:featuredmedia":[{"embeddable":true,"href":"https:\/\/www.europesays.com\/se\/wp-json\/wp\/v2\/media\/16712"}],"wp:attachment":[{"href":"https:\/\/www.europesays.com\/se\/wp-json\/wp\/v2\/media?parent=117879"}],"wp:term":[{"taxonomy":"category","embeddable":true,"href":"https:\/\/www.europesays.com\/se\/wp-json\/wp\/v2\/categories?post=117879"},{"taxonomy":"post_tag","embeddable":true,"href":"https:\/\/www.europesays.com\/se\/wp-json\/wp\/v2\/tags?post=117879"}],"curies":[{"name":"wp","href":"https:\/\/api.w.org\/{rel}","templated":true}]}}