{"id":117882,"date":"2025-12-26T21:42:18","date_gmt":"2025-12-26T21:42:18","guid":{"rendered":"https:\/\/www.europesays.com\/se\/117882\/"},"modified":"2025-12-26T21:42:18","modified_gmt":"2025-12-26T21:42:18","slug":"familjen-pa-plats-da-var-sadakov-kung-i-derbyt-ljusnan","status":"publish","type":"post","link":"https:\/\/www.europesays.com\/se\/117882\/","title":{"rendered":"Familjen p\u00e5 plats \u2013 d\u00e5 var Sadakov kung i derbyt \u2013 Ljusnan"},"content":{"rendered":"<p>M\u00e5nga var vassa n\u00e4r Bolln\u00e4s v\u00e4xlade upp efter paus.<\/p>\n<p>Men allra b\u00e4st var effektive spetsen Denis Sadakov \u2013 och det med familjen p\u00e5 plats i annandagsderbyt.<\/p>\n<p>\u2013 Hoppas de kan vara lite stolta i dag, s\u00e4ger den 32-\u00e5rige spetsen med fyra m\u00e5l och en fixad straff i Svenska F\u00f6nster Arena.<\/p>\n<p>Han kom som ett oskrivet kort, n\u00e4rmast en joker.<\/p>\n<p>Tekniskt fel<\/p>\n<p class=\"message__text txt-ui txt-ui-2\">V\u00e4nligen f\u00f6rs\u00f6k igen senare.<\/p>\n<p>Den h\u00e4r artikeln \u00e4r bara f\u00f6r prenumeranter<\/p>\n<p class=\"txt-body txt-body-1\">Om du redan \u00e4r prenumerant: logga in!<\/p>\n","protected":false},"excerpt":{"rendered":"M\u00e5nga var vassa n\u00e4r Bolln\u00e4s v\u00e4xlade upp efter paus. Men allra b\u00e4st var effektive spetsen Denis Sadakov \u2013&hellip;\n","protected":false},"author":2,"featured_media":117883,"comment_status":"","ping_status":"","sticky":false,"template":"","format":"standard","meta":{"footnotes":""},"categories":[68],"tags":[34,111,110,31,33,32,30],"class_list":{"0":"post-117882","1":"post","2":"type-post","3":"status-publish","4":"format-standard","5":"has-post-thumbnail","7":"category-sport","8":"tag-se","9":"tag-sport","10":"tag-sports","11":"tag-svenska","12":"tag-sverige","13":"tag-sweden","14":"tag-swedish"},"share_on_mastodon":{"url":"https:\/\/pubeurope.com\/@se\/115788050839342745","error":""},"_links":{"self":[{"href":"https:\/\/www.europesays.com\/se\/wp-json\/wp\/v2\/posts\/117882","targetHints":{"allow":["GET"]}}],"collection":[{"href":"https:\/\/www.europesays.com\/se\/wp-json\/wp\/v2\/posts"}],"about":[{"href":"https:\/\/www.europesays.com\/se\/wp-json\/wp\/v2\/types\/post"}],"author":[{"embeddable":true,"href":"https:\/\/www.europesays.com\/se\/wp-json\/wp\/v2\/users\/2"}],"replies":[{"embeddable":true,"href":"https:\/\/www.europesays.com\/se\/wp-json\/wp\/v2\/comments?post=117882"}],"version-history":[{"count":0,"href":"https:\/\/www.europesays.com\/se\/wp-json\/wp\/v2\/posts\/117882\/revisions"}],"wp:featuredmedia":[{"embeddable":true,"href":"https:\/\/www.europesays.com\/se\/wp-json\/wp\/v2\/media\/117883"}],"wp:attachment":[{"href":"https:\/\/www.europesays.com\/se\/wp-json\/wp\/v2\/media?parent=117882"}],"wp:term":[{"taxonomy":"category","embeddable":true,"href":"https:\/\/www.europesays.com\/se\/wp-json\/wp\/v2\/categories?post=117882"},{"taxonomy":"post_tag","embeddable":true,"href":"https:\/\/www.europesays.com\/se\/wp-json\/wp\/v2\/tags?post=117882"}],"curies":[{"name":"wp","href":"https:\/\/api.w.org\/{rel}","templated":true}]}}