{"id":117884,"date":"2025-12-26T21:43:08","date_gmt":"2025-12-26T21:43:08","guid":{"rendered":"https:\/\/www.europesays.com\/se\/117884\/"},"modified":"2025-12-26T21:43:08","modified_gmt":"2025-12-26T21:43:08","slug":"fotofredag-vilken-ar-din-favorit-fran-fotoaret-2025","status":"publish","type":"post","link":"https:\/\/www.europesays.com\/se\/117884\/","title":{"rendered":"FotoFredag: Vilken \u00e4r din favorit fr\u00e5n foto\u00e5ret 2025"},"content":{"rendered":"<p>\n            Genrebild. Foto: Fredrik Norman\n        <\/p>\n<p>P\u00e5 fredagsmorgonen i f\u00f6rra veckan fick elever som klev p\u00e5 skolbussen i Bohr utanf\u00f6r Lindesberg ett ov\u00e4ntat besked under resan. Vid den sista h\u00e5llplatsen informerade n\u00e4mligen busschauff\u00f6ren om att det inte skulle g\u00e5 n\u00e5gon buss hem igen och att eleverna beh\u00f6vde l\u00f6sa detta p\u00e5 egen hand. Anledningen var p\u00e5 grund av ett v\u00e4garbete p\u00e5 str\u00e4ckan. Nu riktar v\u00e5rdnadshavaren Ann Skoglund skarp kritik mot hur bussbolaget hanterat \u00e4rendet.<br \/>\u2013 Jag blir skitf\u00f6rbannad, vi fick ingen information alls om detta! Som tur var hade min dotter med sig sin mobil och fick tag p\u00e5 mig, s\u00e4ger Ann Skoglund.<\/p>\n<p>Skinkan ska griljeras, julklappar ska sl\u00e5s in, och sopor ska h\u00e4mtas. Julafton \u00e4r n\u00e4mligen i \u00e5r en helt vanlig arbetsdag f\u00f6r renh\u00e5llningsarbetarna i Lindesbergs kommun, som jobbar \u00e4nda fram till klockan 22.00. Detta har skapat stor frustration och besvikelse bland personalen som ber\u00f6rs.<br \/>\u2013 Enligt v\u00e5rt nya kontrakt ska vi jobba alla dagar, s\u00e5 nu ska vi ut och st\u00f6ra julfriden f\u00f6r folk, s\u00e4ger en av renh\u00e5llningsarbetarna som vill vara anonym.<\/p>\n<p>\n            Bilden \u00e4r ett montage. Foto: Sami Rahkonen\n        <\/p>\n<p>Denna vecka blir det ingen fotokr\u00f6nika \u2013 ist\u00e4llet vill jag passa p\u00e5 att \u00f6nska er alla en God Jul! \/Sami Rahkonen<\/p>\n<p>\n            Kommunstyrelsens ordf\u00f6rande Tomas Klockars (M) klippte glitterbandet under invigningen av Fallen Rocks. Foto: Jennie Einarsson\n        <\/p>\n<p>Under torsdagseftermiddagen h\u00f6lls den officiella invigningen av det 40 ton tunga konstverket Fallen Rocks. Konstverket uppf\u00f6rdes i mitten av november i \u00e5r vid Strandpromenaden bakom badhuset Energik\u00e4llan och best\u00e5r av 39 stenar i olika bergarter och storlekar som tillsammans bildar en labyrint.<br \/>\u2013 Det \u00e4r ett konstverk men \u00e4ven v\u00e5r historia. Jag \u00e4r otroligt stolt \u00f6ver att vi har f\u00e5tt konstverket till Lindesbergs kommun, sade kommunstyrelsens ordf\u00f6rande Tomas Klockars (M) innan han klippte det glittriga bandet.<\/p>\n<p>L\u00f6rdagen den 13 december dedikerade Wajih Daoud hela sin arbetsdag p\u00e5 Salong Diem i Lindesberg till Barncancerfonden. Ett initiativ som han genomf\u00f6rde f\u00f6r fj\u00e4rde \u00e5ret i rad, och som under onsdagskv\u00e4llen kommer uppm\u00e4rksammas av TV4.<br \/>\u2013 Det k\u00e4nns roligt, men lite nerv\u00f6st, skrattar Wajih.<\/p>\n<p>\n            Genrebild. Foto: Ida Lindkvist\n        <\/p>\n<p>Ikv\u00e4ll, den 17 december, genomf\u00f6r Mansk\u00f6ren Harmoni sin \u00e5rliga julkonsert tillsammans med Vox Cantare och Linde Symphonic Band i Lindeskolans Aula. I samband med detta t\u00e4nder Lindesbergs Rotaryklubb cirka 350 marschaller som kommer lysa upp v\u00e4gen fr\u00e5n Lindeskolans Aula l\u00e4ngs med strandpromenaden, som en del i deras insamling till det krigsdrabbade Ukraina.<br \/>\u2013 Vi t\u00e4nder dem f\u00f6r alla m\u00e4nniskor i Ukraina som beh\u00f6ver v\u00e5rt st\u00f6d, ber\u00e4ttar Anders Svensson fr\u00e5n Rotaryklubben.<\/p>\n<p>\n            Arkivbild. Foto: Bob Linger\n        <\/p>\n<p>F\u00f6r lite drygt en vecka sedan sl\u00e4pptes biljetterna till n\u00e4sta \u00e5rs Caprice. Nu meddelar arrang\u00f6ren att det i stort sett \u00e4r lapp p\u00e5 luckan \u2013 men att man kommer sl\u00e4ppa nya platser inom kort.<br \/>\u2013 Det \u00e4r naturligtvis j\u00e4tteroligt! Det \u00e5terst\u00e5r endast ett 40-tal biljetter till vardera f\u00f6rest\u00e4llning, ber\u00e4ttar Mats Wedell, ordf\u00f6rande f\u00f6r Mansk\u00f6ren Harmoni.<\/p>\n<p>\n            Vedev\u00e5gs filmmakare Malin Dahl prisades med Region \u00d6rebro l\u00e4ns kulturstipendium.  Foto: Jennie Einarsson\n        <\/p>\n<p>Fyra kulturskapare i Region \u00d6rebro l\u00e4n hyllades p\u00e5 fredagen f\u00f6r sina insatser under en h\u00f6gtidlig prisceremoni p\u00e5 Regionfullm\u00e4ktiges sammantr\u00e4de. En av dessa var Vedev\u00e5gs filmskapare Malin Dahl fr\u00e5n Backa Studios, som bel\u00f6nades med ett kulturstipendium p\u00e5 20 000 kronor.<br \/>\u2013 Det \u00e4r j\u00e4ttekul och v\u00e4ldigt \u00e4rofyllt, jag k\u00e4nner mig hedrad. Jag delar det h\u00e4r priset med min parh\u00e4st Johnny Wernersson, s\u00e4ger Malin Dahl vid prisceremonin.<\/p>\n","protected":false},"excerpt":{"rendered":"Genrebild. Foto: Fredrik Norman P\u00e5 fredagsmorgonen i f\u00f6rra veckan fick elever som klev p\u00e5 skolbussen i Bohr utanf\u00f6r&hellip;\n","protected":false},"author":2,"featured_media":117885,"comment_status":"","ping_status":"","sticky":false,"template":"","format":"standard","meta":{"footnotes":""},"categories":[67],"tags":[104,34,31,33,32,30,105],"class_list":{"0":"post-117884","1":"post","2":"type-post","3":"status-publish","4":"format-standard","5":"has-post-thumbnail","7":"category-underhallning","8":"tag-entertainment","9":"tag-se","10":"tag-svenska","11":"tag-sverige","12":"tag-sweden","13":"tag-swedish","14":"tag-underhallning"},"share_on_mastodon":{"url":"https:\/\/pubeurope.com\/@se\/115788054738338636","error":""},"_links":{"self":[{"href":"https:\/\/www.europesays.com\/se\/wp-json\/wp\/v2\/posts\/117884","targetHints":{"allow":["GET"]}}],"collection":[{"href":"https:\/\/www.europesays.com\/se\/wp-json\/wp\/v2\/posts"}],"about":[{"href":"https:\/\/www.europesays.com\/se\/wp-json\/wp\/v2\/types\/post"}],"author":[{"embeddable":true,"href":"https:\/\/www.europesays.com\/se\/wp-json\/wp\/v2\/users\/2"}],"replies":[{"embeddable":true,"href":"https:\/\/www.europesays.com\/se\/wp-json\/wp\/v2\/comments?post=117884"}],"version-history":[{"count":0,"href":"https:\/\/www.europesays.com\/se\/wp-json\/wp\/v2\/posts\/117884\/revisions"}],"wp:featuredmedia":[{"embeddable":true,"href":"https:\/\/www.europesays.com\/se\/wp-json\/wp\/v2\/media\/117885"}],"wp:attachment":[{"href":"https:\/\/www.europesays.com\/se\/wp-json\/wp\/v2\/media?parent=117884"}],"wp:term":[{"taxonomy":"category","embeddable":true,"href":"https:\/\/www.europesays.com\/se\/wp-json\/wp\/v2\/categories?post=117884"},{"taxonomy":"post_tag","embeddable":true,"href":"https:\/\/www.europesays.com\/se\/wp-json\/wp\/v2\/tags?post=117884"}],"curies":[{"name":"wp","href":"https:\/\/api.w.org\/{rel}","templated":true}]}}