{"id":117888,"date":"2025-12-26T21:48:23","date_gmt":"2025-12-26T21:48:23","guid":{"rendered":"https:\/\/www.europesays.com\/se\/117888\/"},"modified":"2025-12-26T21:48:23","modified_gmt":"2025-12-26T21:48:23","slug":"msb-byter-namn-och-fokus-forbereder-for-krig-3","status":"publish","type":"post","link":"https:\/\/www.europesays.com\/se\/117888\/","title":{"rendered":"MSB byter namn och fokus \u2013 f\u00f6rbereder f\u00f6r krig"},"content":{"rendered":"<p>Fr\u00e5n den 1 januari 2026 \u00e4r MSB Myndigheten f\u00f6r civilt f\u00f6rsvar. Myndigheten f\u00e5r tydligare uppdrag och tydligare mandat, men inledningsvis inte direkt nya uppgifter.\u2013\u2009Uppgiften som blir tyngre f\u00f6r oss \u00e4r att vi \u00e4r den ledande, inriktande och samordnade myndigheten i hela det civila f\u00f6rsvaret, s\u00e4ger Mikael Frisell.Krigets kravHan drar sig inte f\u00f6r att anv\u00e4nda ordet krig <\/p>\n","protected":false},"excerpt":{"rendered":"Fr\u00e5n den 1 januari 2026 \u00e4r MSB Myndigheten f\u00f6r civilt f\u00f6rsvar. Myndigheten f\u00e5r tydligare uppdrag och tydligare mandat,&hellip;\n","protected":false},"author":2,"featured_media":117801,"comment_status":"","ping_status":"","sticky":false,"template":"","format":"standard","meta":{"footnotes":""},"categories":[12],"tags":[22,23,26,27,17,21,24,25,28,29,15,16,18,34,31,33,32,30,19,20],"class_list":{"0":"post-117888","1":"post","2":"type-post","3":"status-publish","4":"format-standard","5":"has-post-thumbnail","7":"category-sverige","8":"tag-breaking-news","9":"tag-breakingnews","10":"tag-featured-news","11":"tag-featurednews","12":"tag-headlines","13":"tag-huvudnyheter","14":"tag-latest-news","15":"tag-latestnews","16":"tag-main-news","17":"tag-mainnews","18":"tag-news","19":"tag-nyheter","20":"tag-rubriker","21":"tag-se","22":"tag-svenska","23":"tag-sverige","24":"tag-sweden","25":"tag-swedish","26":"tag-top-stories","27":"tag-topstories"},"share_on_mastodon":{"url":"https:\/\/pubeurope.com\/@se\/115788074403833524","error":""},"_links":{"self":[{"href":"https:\/\/www.europesays.com\/se\/wp-json\/wp\/v2\/posts\/117888","targetHints":{"allow":["GET"]}}],"collection":[{"href":"https:\/\/www.europesays.com\/se\/wp-json\/wp\/v2\/posts"}],"about":[{"href":"https:\/\/www.europesays.com\/se\/wp-json\/wp\/v2\/types\/post"}],"author":[{"embeddable":true,"href":"https:\/\/www.europesays.com\/se\/wp-json\/wp\/v2\/users\/2"}],"replies":[{"embeddable":true,"href":"https:\/\/www.europesays.com\/se\/wp-json\/wp\/v2\/comments?post=117888"}],"version-history":[{"count":0,"href":"https:\/\/www.europesays.com\/se\/wp-json\/wp\/v2\/posts\/117888\/revisions"}],"wp:featuredmedia":[{"embeddable":true,"href":"https:\/\/www.europesays.com\/se\/wp-json\/wp\/v2\/media\/117801"}],"wp:attachment":[{"href":"https:\/\/www.europesays.com\/se\/wp-json\/wp\/v2\/media?parent=117888"}],"wp:term":[{"taxonomy":"category","embeddable":true,"href":"https:\/\/www.europesays.com\/se\/wp-json\/wp\/v2\/categories?post=117888"},{"taxonomy":"post_tag","embeddable":true,"href":"https:\/\/www.europesays.com\/se\/wp-json\/wp\/v2\/tags?post=117888"}],"curies":[{"name":"wp","href":"https:\/\/api.w.org\/{rel}","templated":true}]}}