{"id":117893,"date":"2025-12-26T21:52:22","date_gmt":"2025-12-26T21:52:22","guid":{"rendered":"https:\/\/www.europesays.com\/se\/117893\/"},"modified":"2025-12-26T21:52:22","modified_gmt":"2025-12-26T21:52:22","slug":"gina-dirawi-forsvarar-sitt-beslut-att-leda-melodifestivalen","status":"publish","type":"post","link":"https:\/\/www.europesays.com\/se\/117893\/","title":{"rendered":"Gina Dirawi f\u00f6rsvarar sitt beslut att leda Melodifestivalen"},"content":{"rendered":"<p>\u201dJag har inte tackat ja till Eurovision\u201d<img decoding=\"async\" class=\"image-asset hyperion-css-n6kkq1\" data-test-tag=\"image-asset\" src=\"https:\/\/www.europesays.com\/se\/wp-content\/uploads\/2025\/12\/1766785938_616_4479d944-83a5-4a64-82b1-5457244051bf\"  alt=\"\"  loading=\"lazy\" fetchpriority=\"auto\" style=\"aspect-ratio:1900 \/ 1900\"\/><\/p>\n<p class=\"boxtextgrotesk-root_baa6 hyperion-css-7pajle\">Uppdaterad 22.09 | Publicerad 19.05<\/p>\n<p>share-arrowDela<\/p>\n<p>unsaveSpara<\/p>\n<p class=\"hyperion-css-1shl3oz\" data-test-tag=\"lead-text\">Gina Dirawi har f\u00e5tt ta emot kritik f\u00f6r att hon ska leda n\u00e4sta \u00e5rs Melodifestival.<\/p>\n<p class=\"hyperion-css-1shl3oz\" data-test-tag=\"lead-text\">Nu f\u00f6rsvarar hon sitt beslut. <\/p>\n<p class=\"hyperion-css-1shl3oz\" data-test-tag=\"lead-text\">\u201dMello \u00e4r en spegel av Sverige. Palestinier f\u00e5r inte saknas i den spegelbilden\u201d, skriver hon i ett inl\u00e4gg p\u00e5 Facebook. <\/p>\n<p><img decoding=\"async\" src=\"https:\/\/www.europesays.com\/se\/wp-content\/uploads\/2025\/12\/b5309a8c3436353218ce851c695e1276.jpg\" class=\"thumbnail-image_fbfd thumbnail-portrait_fbfd\" alt=\"De ska leda Melodifestivalen 2026\"\/><\/p>\n<p>De ska leda Melodifestivalen 2026<\/p>\n<p>0:23<\/p>\n<p class=\"hyperion-css-1v9qo5x\"><a data-test-tag=\"internal-link\" href=\"https:\/\/www.aftonbladet.se\/tagg\/gina-dirawi\" class=\"hyperion-css-15jkft9\" rel=\"nofollow noopener\" target=\"\" theme=\"entertainment\"><strong>Gina Dirawi<\/strong><\/a><strong> <\/strong>\u00e4r f\u00f6dd och uppvuxen i Sundsvall, med palestinska f\u00f6r\u00e4ldrar fr\u00e5n Libanon.<\/p>\n<p class=\"hyperion-css-1v9qo5x\">Hennes val att tacka ja till att leda <a data-test-tag=\"internal-link\" href=\"https:\/\/www.aftonbladet.se\/tagg\/melodifestivalen\" class=\"hyperion-css-15jkft9\" rel=\"nofollow noopener\" target=\"\" aria-label=\"Melodifestivalen\" theme=\"entertainment\">Melodifestivalen<\/a> har ifr\u00e5gasatts av m\u00e5nga, skriver hon i ett inl\u00e4gg p\u00e5 Facebook. Detta eftersom <a data-test-tag=\"internal-link\" href=\"https:\/\/www.aftonbladet.se\/tagg\/israel\" class=\"hyperion-css-15jkft9\" rel=\"nofollow noopener\" target=\"\" aria-label=\"Israel\" theme=\"entertainment\">Israel<\/a> till\u00e5ts t\u00e4vla i Eurovision, trots landets krigf\u00f6ring i Gaza.<\/p>\n<p class=\"hyperion-css-1v9qo5x\">\u201dJag ska vara tydlig: jag har inte tackat ja till Eurovision. Jag har tackat ja till att leda den svenska Melodifestivalen. Jag f\u00f6rst\u00e5r kritiken\u201d, skriver hon.<\/p>\n<p class=\"hyperion-css-1v9qo5x\">Gina Dirawi menar att hennes medverkan inneb\u00e4r representation f\u00f6r palestinier som annars riskerar att osynligg\u00f6ras. <\/p>\n<p>expand-left<\/p>\n<p>helsk\u00e4rm<img decoding=\"async\" class=\"image-asset hyperion-css-u06ts1\" data-test-tag=\"image-asset\" src=\"https:\/\/www.europesays.com\/se\/wp-content\/uploads\/2025\/12\/c235d28c-80ae-4e3a-9fb9-f5efcb7f7257\"  alt=\"Gina Dirawi, av palestinskt ursprung, leder Melodifestivalen 2026. Arkivbild.\"  loading=\"eager\" fetchpriority=\"high\" style=\"aspect-ratio:1900 \/ 1267\"\/>Gina Dirawi, av palestinskt ursprung, leder Melodifestivalen 2026. Arkivbild. Foto: Viktoria Bank \/ TT\u201dBefriar inte SVT fr\u00e5n ansvar\u201d<\/p>\n<p class=\"hyperion-css-1v9qo5x\">Hon har redan varit programledare f\u00f6r Melodifestivalen tidigare \u00e5r, och skriver d\u00e4rf\u00f6r att hon inte beh\u00f6ver g\u00f6ra det \u2013 men att det \u00e4r livsviktigt att ett folk som \u201dsystematiskt osynligg\u00f6rs\u201d f\u00e5r synas. <\/p>\n<p class=\"hyperion-css-1v9qo5x\">\u201dSamtidigt \u00e4r representation inte hela l\u00f6sningen. Min medverkan befriar varken SVT eller EBU fr\u00e5n ansvar. Det \u00e4r de som m\u00e5ste svara p\u00e5 hur allvarliga anklagelser om brott mot m\u00e4nskligheten och folkmord kan samexistera med en t\u00e4vling som s\u00e4ger sig handla om fred, gemenskap och medm\u00e4nskliga v\u00e4rden\u201d, skriver hon och forts\u00e4tter:<\/p>\n<p class=\"hyperion-css-1v9qo5x\">\u201dJag b\u00e4r allas sm\u00e4rta i den h\u00e4r fr\u00e5gan med st\u00f6rsta respekt. Ni beh\u00f6ver inte dela mitt val \u2013 men det \u00e4r gjort med ansvar, k\u00e4rlek och en ovilja att l\u00e5ta mitt folk bli osynligt i tider av extremt m\u00f6rker\u201d.<\/p>\n<p><img decoding=\"async\" src=\"https:\/\/www.europesays.com\/se\/wp-content\/uploads\/2025\/12\/a5dfcddff0d4af367a47a4153ca81623.jpg\" class=\"thumbnail-image_fbfd\" alt=\"Kom p\u00e5 livepodd!\"\/><\/p>\n","protected":false},"excerpt":{"rendered":"\u201dJag har inte tackat ja till Eurovision\u201d Uppdaterad 22.09 | Publicerad 19.05 share-arrowDela unsaveSpara Gina Dirawi har f\u00e5tt&hellip;\n","protected":false},"author":2,"featured_media":117894,"comment_status":"","ping_status":"","sticky":false,"template":"","format":"standard","meta":{"footnotes":""},"categories":[67],"tags":[104,34,31,33,32,30,105],"class_list":{"0":"post-117893","1":"post","2":"type-post","3":"status-publish","4":"format-standard","5":"has-post-thumbnail","7":"category-underhallning","8":"tag-entertainment","9":"tag-se","10":"tag-svenska","11":"tag-sverige","12":"tag-sweden","13":"tag-swedish","14":"tag-underhallning"},"share_on_mastodon":{"url":"https:\/\/pubeurope.com\/@se\/115788090197963383","error":""},"_links":{"self":[{"href":"https:\/\/www.europesays.com\/se\/wp-json\/wp\/v2\/posts\/117893","targetHints":{"allow":["GET"]}}],"collection":[{"href":"https:\/\/www.europesays.com\/se\/wp-json\/wp\/v2\/posts"}],"about":[{"href":"https:\/\/www.europesays.com\/se\/wp-json\/wp\/v2\/types\/post"}],"author":[{"embeddable":true,"href":"https:\/\/www.europesays.com\/se\/wp-json\/wp\/v2\/users\/2"}],"replies":[{"embeddable":true,"href":"https:\/\/www.europesays.com\/se\/wp-json\/wp\/v2\/comments?post=117893"}],"version-history":[{"count":0,"href":"https:\/\/www.europesays.com\/se\/wp-json\/wp\/v2\/posts\/117893\/revisions"}],"wp:featuredmedia":[{"embeddable":true,"href":"https:\/\/www.europesays.com\/se\/wp-json\/wp\/v2\/media\/117894"}],"wp:attachment":[{"href":"https:\/\/www.europesays.com\/se\/wp-json\/wp\/v2\/media?parent=117893"}],"wp:term":[{"taxonomy":"category","embeddable":true,"href":"https:\/\/www.europesays.com\/se\/wp-json\/wp\/v2\/categories?post=117893"},{"taxonomy":"post_tag","embeddable":true,"href":"https:\/\/www.europesays.com\/se\/wp-json\/wp\/v2\/tags?post=117893"}],"curies":[{"name":"wp","href":"https:\/\/api.w.org\/{rel}","templated":true}]}}