{"id":117897,"date":"2025-12-26T21:56:08","date_gmt":"2025-12-26T21:56:08","guid":{"rendered":"https:\/\/www.europesays.com\/se\/117897\/"},"modified":"2025-12-26T21:56:08","modified_gmt":"2025-12-26T21:56:08","slug":"stor-polisinsats-i-salem-locket-pa-fran-polisen","status":"publish","type":"post","link":"https:\/\/www.europesays.com\/se\/117897\/","title":{"rendered":"Stor polisinsats i Salem \u2013 locket p\u00e5 fr\u00e5n polisen"},"content":{"rendered":"<p>En stor polisinsats med helikopter och hundar har p\u00e5g\u00e5tt i flera timmar i Salem s\u00f6der om Stockholm, rapporterar flera medier. <\/p>\n<p>\u2013 Vi jobbar i omr\u00e5det med utrednings\u00e5tg\u00e4rder som jag tyv\u00e4rr inte kan kommunicera, s\u00e4ger polisens presstalesperson Per Fahlstr\u00f6m till Aftonbladet. <\/p>\n<p>Ett omr\u00e5de har sp\u00e4rrats av och kriminaltekniker arbetar p\u00e5 platsen, enligt SVT Nyheter S\u00f6dert\u00e4lje. Det finns ingen fara f\u00f6r allm\u00e4nheten, enligt polisen. <\/p>\n<p>Omni \u00e4r politiskt obundna och oberoende. Vi str\u00e4var efter att ge fler perspektiv p\u00e5 nyheterna. Har du fr\u00e5gor eller synpunkter kring v\u00e5r rapportering? <a href=\"https:\/\/omni.se\/stor-polisinsats-i-salem-locket-pa-fran-polisen\/a\/mailto:redaktion@omni.se\" class=\"ArticleActions_contactLink__W2F1M\" rel=\"nofollow noopener\" target=\"_blank\">Kontakta redaktionen<\/a><\/p>\n","protected":false},"excerpt":{"rendered":"En stor polisinsats med helikopter och hundar har p\u00e5g\u00e5tt i flera timmar i Salem s\u00f6der om Stockholm, rapporterar&hellip;\n","protected":false},"author":2,"featured_media":117898,"comment_status":"","ping_status":"","sticky":false,"template":"","format":"standard","meta":{"footnotes":""},"categories":[14],"tags":[22,23,26,27,17,21,24,25,28,29,15,16,18,11555,34,127,31,33,32,30,19,20,51,52,53,54],"class_list":{"0":"post-117897","1":"post","2":"type-post","3":"status-publish","4":"format-standard","5":"has-post-thumbnail","7":"category-varlden","8":"tag-breaking-news","9":"tag-breakingnews","10":"tag-featured-news","11":"tag-featurednews","12":"tag-headlines","13":"tag-huvudnyheter","14":"tag-latest-news","15":"tag-latestnews","16":"tag-main-news","17":"tag-mainnews","18":"tag-news","19":"tag-nyheter","20":"tag-rubriker","21":"tag-salem","22":"tag-se","23":"tag-stockholms-lan","24":"tag-svenska","25":"tag-sverige","26":"tag-sweden","27":"tag-swedish","28":"tag-top-stories","29":"tag-topstories","30":"tag-varlden","31":"tag-world","32":"tag-world-news","33":"tag-worldnews"},"share_on_mastodon":{"url":"https:\/\/pubeurope.com\/@se\/115788105956968701","error":""},"_links":{"self":[{"href":"https:\/\/www.europesays.com\/se\/wp-json\/wp\/v2\/posts\/117897","targetHints":{"allow":["GET"]}}],"collection":[{"href":"https:\/\/www.europesays.com\/se\/wp-json\/wp\/v2\/posts"}],"about":[{"href":"https:\/\/www.europesays.com\/se\/wp-json\/wp\/v2\/types\/post"}],"author":[{"embeddable":true,"href":"https:\/\/www.europesays.com\/se\/wp-json\/wp\/v2\/users\/2"}],"replies":[{"embeddable":true,"href":"https:\/\/www.europesays.com\/se\/wp-json\/wp\/v2\/comments?post=117897"}],"version-history":[{"count":0,"href":"https:\/\/www.europesays.com\/se\/wp-json\/wp\/v2\/posts\/117897\/revisions"}],"wp:featuredmedia":[{"embeddable":true,"href":"https:\/\/www.europesays.com\/se\/wp-json\/wp\/v2\/media\/117898"}],"wp:attachment":[{"href":"https:\/\/www.europesays.com\/se\/wp-json\/wp\/v2\/media?parent=117897"}],"wp:term":[{"taxonomy":"category","embeddable":true,"href":"https:\/\/www.europesays.com\/se\/wp-json\/wp\/v2\/categories?post=117897"},{"taxonomy":"post_tag","embeddable":true,"href":"https:\/\/www.europesays.com\/se\/wp-json\/wp\/v2\/tags?post=117897"}],"curies":[{"name":"wp","href":"https:\/\/api.w.org\/{rel}","templated":true}]}}