{"id":117903,"date":"2025-12-26T22:00:13","date_gmt":"2025-12-26T22:00:13","guid":{"rendered":"https:\/\/www.europesays.com\/se\/117903\/"},"modified":"2025-12-26T22:00:13","modified_gmt":"2025-12-26T22:00:13","slug":"anthony-elanga-skadad-utanfor-newcastles-trupp","status":"publish","type":"post","link":"https:\/\/www.europesays.com\/se\/117903\/","title":{"rendered":"Anthony Elanga skadad \u2013 utanf\u00f6r Newcastles trupp"},"content":{"rendered":"<p>Publicerad 26 dec 2025 kl 20.03Uppdaterad kl 22.24<\/p>\n<p>Newcastle st\u00e4lls mot Manchester United under annandagskv\u00e4llen.<\/p>\n<p>V\u00e4l d\u00e4r saknas dock Anthony Elanga till f\u00f6ljd av en skada, meddelar Newcastle United.<\/p>\n<p>\u201dSlangen\u201d gissar slangord: \u201d\u00c4r det nya ordlistan?\u201d<img   alt=\"\"\/><\/p>\n<p>Anthony Elanga.<\/p>\n<p>Foto: EVERY SECOND MEDIA\/SHUTTERSTOCK \/ SHUTTERSTOCK EDITORIAL\/IBL<\/p>\n<p>\u00d6ppna bild i helsk\u00e4rm<\/p>\n<p>Det blev l\u00e5ngledigt f\u00f6r den svenske landslagsspelaren \u00f6ver julen.<\/p>\n<p><a href=\"https:\/\/www.expressen.se\/tagg\/person\/anthony-elanga\/\" class=\"\" rel=\"nofollow noopener\" target=\"_blank\">Anthony Elanga<\/a> missar n\u00e4mligen Newcastles m\u00f6te med Manchester United under annandagen.<\/p>\n<p>\u201dHan drabbades av en skada i 2\u20132-m\u00f6tet med Chelsea f\u00f6rra helgen\u201d, skriver klubben.<\/p>\n<p>De \u00f6nskar sedan 23-\u00e5ringen god \u00e5terh\u00e4mtning.<\/p>\n<p>St\u00f6ttades tidigare<\/p>\n<p>I november l\u00e4mnade Elanga dessutom den svenska landslagstruppen under Graham Potters f\u00f6rsta samling som f\u00f6rbundskapten av privata sk\u00e4l.<\/p>\n<p>Tidigare i veckan f\u00f6rsvarade ocks\u00e5 tr\u00e4naren Eddie Howe sin svenska adept, som k\u00f6ptes loss f\u00f6r omkring 700 miljoner kronor fr\u00e5n Nottingham Forest.<\/p>\n<p>\u2013 Det \u00e4r m\u00e4rkligt. Om man s\u00e4tter ihop med alla hans b\u00e4sta \u00f6gonblick i v\u00e5r tr\u00f6ja ser man otroliga egenskaper. Han g\u00f6r v\u00e4ldigt mycket bra. Vi \u00e4r ofta snabba med att analysera saker negativt i st\u00e4llet f\u00f6r att se det positiva, s\u00e4ger Howe enligt <a href=\"https:\/\/www.chroniclelive.co.uk\/sport\/football\/football-news\/eddie-howe-launchs-staunch-defence-33111019\" rel=\"nofollow noopener\" target=\"_blank\">Chronicle<\/a>.<\/p>\n<p>Under h\u00f6sten har han gjort 17 matcher och en assist f\u00f6r Newcastle.<\/p>\n","protected":false},"excerpt":{"rendered":"Publicerad 26 dec 2025 kl 20.03Uppdaterad kl 22.24 Newcastle st\u00e4lls mot Manchester United under annandagskv\u00e4llen. V\u00e4l d\u00e4r saknas&hellip;\n","protected":false},"author":2,"featured_media":117904,"comment_status":"","ping_status":"","sticky":false,"template":"","format":"standard","meta":{"footnotes":""},"categories":[68],"tags":[245,4962,34,129,242,111,110,31,33,32,30],"class_list":{"0":"post-117903","1":"post","2":"type-post","3":"status-publish","4":"format-standard","5":"has-post-thumbnail","7":"category-sport","8":"tag-organization-newcastle-united","9":"tag-person-anthony-elanga","10":"tag-se","11":"tag-sections-fotboll","12":"tag-sections-premierleague","13":"tag-sport","14":"tag-sports","15":"tag-svenska","16":"tag-sverige","17":"tag-sweden","18":"tag-swedish"},"share_on_mastodon":{"url":"https:\/\/pubeurope.com\/@se\/115788121675780417","error":""},"_links":{"self":[{"href":"https:\/\/www.europesays.com\/se\/wp-json\/wp\/v2\/posts\/117903","targetHints":{"allow":["GET"]}}],"collection":[{"href":"https:\/\/www.europesays.com\/se\/wp-json\/wp\/v2\/posts"}],"about":[{"href":"https:\/\/www.europesays.com\/se\/wp-json\/wp\/v2\/types\/post"}],"author":[{"embeddable":true,"href":"https:\/\/www.europesays.com\/se\/wp-json\/wp\/v2\/users\/2"}],"replies":[{"embeddable":true,"href":"https:\/\/www.europesays.com\/se\/wp-json\/wp\/v2\/comments?post=117903"}],"version-history":[{"count":0,"href":"https:\/\/www.europesays.com\/se\/wp-json\/wp\/v2\/posts\/117903\/revisions"}],"wp:featuredmedia":[{"embeddable":true,"href":"https:\/\/www.europesays.com\/se\/wp-json\/wp\/v2\/media\/117904"}],"wp:attachment":[{"href":"https:\/\/www.europesays.com\/se\/wp-json\/wp\/v2\/media?parent=117903"}],"wp:term":[{"taxonomy":"category","embeddable":true,"href":"https:\/\/www.europesays.com\/se\/wp-json\/wp\/v2\/categories?post=117903"},{"taxonomy":"post_tag","embeddable":true,"href":"https:\/\/www.europesays.com\/se\/wp-json\/wp\/v2\/tags?post=117903"}],"curies":[{"name":"wp","href":"https:\/\/api.w.org\/{rel}","templated":true}]}}