{"id":117905,"date":"2025-12-26T22:01:50","date_gmt":"2025-12-26T22:01:50","guid":{"rendered":"https:\/\/www.europesays.com\/se\/117905\/"},"modified":"2025-12-26T22:01:50","modified_gmt":"2025-12-26T22:01:50","slug":"efter-hov1s-splittring-dante-lindhe-ar-forst-ut-med-egen-lat","status":"publish","type":"post","link":"https:\/\/www.europesays.com\/se\/117905\/","title":{"rendered":"Efter Hov1:s splittring \u2013 Dante Lindhe \u00e4r f\u00f6rst ut med egen l\u00e5t"},"content":{"rendered":"<p>Publicerad 26 dec 2025 kl 12.12<\/p>\n<p>Nu sl\u00e4pper Dante Lindhe fr\u00e5n Hov1 singeln \u201dInombords\u201d.\u00a0<\/p>\n<p>D\u00e4rmed blir han f\u00f6rst ut att ta steget vidare in i en solokarri\u00e4r, skriver Aftonbladet.<\/p>\n<p><img loading=\"lazy\"   alt=\"\"\/><\/p>\n<p>Dante Lindhe och Ludwig Kronstrand fr\u00e5n Hov1.<\/p>\n<p>Foto: NISSE NILSSON \/ STELLA PICTURES<\/p>\n<p>\u00d6ppna bild i helsk\u00e4rm<img loading=\"lazy\"   alt=\"\"\/><\/p>\n<p>Dante Lindhe sl\u00e4pper egen l\u00e5t.<\/p>\n<p>Foto: Instagram<\/p>\n<p>\u00d6ppna bild i helsk\u00e4rm<\/p>\n<p>Artisten b\u00f6rjade skriva p\u00e5 l\u00e5ten redan f\u00f6r flera \u00e5r sedan, men f\u00f6rst nu k\u00e4ndes det helt r\u00e4tt att sl\u00e4ppa den. \u201dInombords\u201d \u00e4r en reflektion och f\u00f6rklaring av k\u00e4nslor som de flesta k\u00e4nner n\u00e5gon g\u00e5ng i livet, enligt Dante Lindhe, 29.<\/p>\n<p>\u2013 Jag tror alla har upplevt de d\u00e4r stunderna n\u00e4r man kanske avslutat n\u00e5got och g\u00e5tt vidare, men \u00e4ven om sagan \u00e4r slut t\u00e4nker man p\u00e5 vissa kapitel fortfarande, efter\u00e5t, s\u00e4ger han till Aftonbladet.<\/p>\n<p>Tidigare i \u00e5r kom beskedet att Hov1 skulle l\u00e4gga ner efter tio \u00e5r tillsammans. I somras hade de sin sista konsert inf\u00f6r 52\u00a0000 \u00e5sk\u00e5dare p\u00e5 G\u00e4rdet i Stockholm.<\/p>\n<p><a href=\"https:\/\/www.instagram.com\/p\/DSrtzWXDCgc\/?hidecaption=true\" data-provider=\"instagram\" class=\"js-social-embed\" rel=\"nofollow noopener\" target=\"_blank\">https:\/\/www.instagram.com\/p\/DSrtzWXDCgc\/?hidecaption=true<\/a><script async src=\"\/\/www.instagram.com\/embed.js\"><\/script><\/p>\n","protected":false},"excerpt":{"rendered":"Publicerad 26 dec 2025 kl 12.12 Nu sl\u00e4pper Dante Lindhe fr\u00e5n Hov1 singeln \u201dInombords\u201d.\u00a0 D\u00e4rmed blir han f\u00f6rst&hellip;\n","protected":false},"author":2,"featured_media":117906,"comment_status":"","ping_status":"","sticky":false,"template":"","format":"standard","meta":{"footnotes":""},"categories":[67],"tags":[104,34,775,31,33,32,30,402,310,105],"class_list":{"0":"post-117905","1":"post","2":"type-post","3":"status-publish","4":"format-standard","5":"has-post-thumbnail","7":"category-underhallning","8":"tag-entertainment","9":"tag-se","10":"tag-sections-musik","11":"tag-svenska","12":"tag-sverige","13":"tag-sweden","14":"tag-swedish","15":"tag-topic-artister","16":"tag-topic-kandisar","17":"tag-underhallning"},"share_on_mastodon":{"url":"https:\/\/pubeurope.com\/@se\/115788129493648176","error":""},"_links":{"self":[{"href":"https:\/\/www.europesays.com\/se\/wp-json\/wp\/v2\/posts\/117905","targetHints":{"allow":["GET"]}}],"collection":[{"href":"https:\/\/www.europesays.com\/se\/wp-json\/wp\/v2\/posts"}],"about":[{"href":"https:\/\/www.europesays.com\/se\/wp-json\/wp\/v2\/types\/post"}],"author":[{"embeddable":true,"href":"https:\/\/www.europesays.com\/se\/wp-json\/wp\/v2\/users\/2"}],"replies":[{"embeddable":true,"href":"https:\/\/www.europesays.com\/se\/wp-json\/wp\/v2\/comments?post=117905"}],"version-history":[{"count":0,"href":"https:\/\/www.europesays.com\/se\/wp-json\/wp\/v2\/posts\/117905\/revisions"}],"wp:featuredmedia":[{"embeddable":true,"href":"https:\/\/www.europesays.com\/se\/wp-json\/wp\/v2\/media\/117906"}],"wp:attachment":[{"href":"https:\/\/www.europesays.com\/se\/wp-json\/wp\/v2\/media?parent=117905"}],"wp:term":[{"taxonomy":"category","embeddable":true,"href":"https:\/\/www.europesays.com\/se\/wp-json\/wp\/v2\/categories?post=117905"},{"taxonomy":"post_tag","embeddable":true,"href":"https:\/\/www.europesays.com\/se\/wp-json\/wp\/v2\/tags?post=117905"}],"curies":[{"name":"wp","href":"https:\/\/api.w.org\/{rel}","templated":true}]}}