{"id":117920,"date":"2025-12-26T22:18:34","date_gmt":"2025-12-26T22:18:34","guid":{"rendered":"https:\/\/www.europesays.com\/se\/117920\/"},"modified":"2025-12-26T22:18:34","modified_gmt":"2025-12-26T22:18:34","slug":"evert-taube-och-alice-tegner-lar-oss-om-oss-sjalva","status":"publish","type":"post","link":"https:\/\/www.europesays.com\/se\/117920\/","title":{"rendered":"Evert Taube och Alice Tegn\u00e9r l\u00e4r oss om oss sj\u00e4lva"},"content":{"rendered":"<p>\u220e <strong id=\"strong-ebccf5f904636a09a1f8e542ea8be6da\">SVERIGES KULTURKANON: DEL 3<\/strong><\/p>\n<p>Ute \u00e4r det bitande kallt, vinterns f\u00f6rsta sn\u00f6 singlar ned fr\u00e5n den m\u00f6rka decemberhimlen och landar p\u00e5 asfalten d\u00e4r den snabbt f\u00f6rvandlades till s\u00f6rja och slask. Men inne i Lisebergshallen \u00e4r det varmt, b\u00e5de bokstavligt och bildligt. P\u00e5 de snart fullsatta l\u00e4ktarna tr\u00e4ngs f\u00f6rv\u00e4ntansfulla mammor och pappor, mor- och farf\u00f6r\u00e4ldrar, syskon och v\u00e4nner till alla de hundratals samskoleungdomar som snart ska t\u00e5ga in till tonerna av \u201dKlang min vackra bj\u00e4llra\u201d, kl\u00e4dda de vackraste f\u00e4rgglada sockendr\u00e4ckter fr\u00e5n n\u00e4r och fj\u00e4rran. Det \u00e4r dags f\u00f6r den traditionsenliga lussedansen, d\u00e4r eleverna dansar svenska folkdanser ackompanjerade av ett spelmanslag. Innan det \u00e4r dags f\u00f6r hambo, polka och oxdans \u00e4r det dock annan musik fr\u00e5n spelm\u00e4nnens instrument som fyller rummet, Evert Taubes \u201dInbjudan till Bohusl\u00e4n\u201d.<\/p>\n<p>Mormor och jag sitter t\u00e4tt tillsammans sjunger med till den v\u00e4lk\u00e4nda melodin: \u201dSom bl\u00e5gr\u00e5 dyning bohusbergen rullar i \u00f6dsligt majest\u00e4t mot havets rand. Men mellan dess kala urtidskullar \u00e4r b\u00f6rdig jord och gammalt bondeland. Dit tr\u00e4nger Skagerack med bl\u00e5a kilar, och strida str\u00f6mmar klara som kristall. Och lummig l\u00f6vlund st\u00e5r med bj\u00f6rk och pilar och ask och ek vid ladug\u00e5rd och stall\u201d. S\u00e5 m\u00e5nga g\u00e5nger vi i hennes k\u00f6k h\u00f6rt samma musik str\u00f6mma ut fr\u00e5n den raspiga kassettbandspelaren. Det \u00e4r det finaste hon vet.<\/p>\n<p>N\u00e5gra \u00e5r senare finns inte mormor l\u00e4ngre. Annonsen i tidningen d\u00e4r vi s\u00e4ger farv\u00e4l avslutas med de sista raderna i Taubes k\u00e4rleksfulla skildring av mormors plats p\u00e5 jorden \u201cd\u00e4r mellan hav och land, p\u00e5 sand som skrider, p\u00e5 t\u00e5ng som gungar, kan du ensam g\u00e5, och leva i de l\u00e4ngst f\u00f6rflydda tider, och i ditt sl\u00e4ktes framtid likas\u00e5\u201d.<\/p>\n<blockquote class=\"slm-no-ads\">\n<p>Visor och melodier som stammar fr\u00e5n den svenska folksj\u00e4len binder oss samman<\/p>\n<\/blockquote>\n<p>Inte bara vi, utan s\u00e5 m\u00e5nga andra svenskar lutar sig i lycka och sorg mot nationalskalden Evert Taubes visskatt. Att delar av den ing\u00e5r i den svenska kulturkanon som presenterades tidigare i \u00e5r \u00e4r d\u00e4rf\u00f6r sj\u00e4lvklart. De verk som f\u00e5tt representera Taube i kanon \u00e4r &#8221;Calle Schewens vals&#8221; och &#8221;M\u00f6te i monsunen&#8221;, men de \u00e4r bara exempel p\u00e5 melodier om sommaren och sk\u00e4rg\u00e5rden som generationer svenskar tagit till sitt hj\u00e4rta eftersom de skildrar en gemensam erfarenhet och knyter samman m\u00e4nniskor och manar till samh\u00f6righet, gl\u00e4dje och igenk\u00e4nning. Att lyssna till rader som: \u201cI Roslagens famn p\u00e5 den blommande \u00f6, d\u00e4r v\u00e5gorna kluckar mot strand, och vassarna vaggar och nyslaget h\u00f6, det doftar emot mej ibland. D\u00e4r sitter jag uti bers\u00e5n p\u00e5 en b\u00e4nk, och tittar p\u00e5 t\u00e4rnor och m\u00e5s, som st\u00f6rta mot fj\u00e4rden i glitter och st\u00e4nk, p\u00e5 jakt efter f\u00f6dan gun\u00e5s\u201d \u00e4r s\u00e5 n\u00e4ra man kan komma den svenska sommaren, utan att faktiskt vara i den. Och f\u00e5 saker har s\u00e5 stor betydelse f\u00f6r svenskarna som den magi som omger sommarm\u00e5naderna p\u00e5 v\u00e5ra breddgrader.<\/p>\n<p><img alt=\"\" loading=\"lazy\" width=\"1920\" height=\"1200\" decoding=\"async\" data-nimg=\"1\" style=\"color:transparent;max-width:100%;width:100%\"   src=\"https:\/\/www.europesays.com\/se\/wp-content\/uploads\/2025\/12\/1xW2x9PdEIHz1A50FULAJ5zvu48o-REGULAR.jpg\"\/>Alice Tegn\u00e9r. Bild: Wikipedia <\/p>\n<p>D\u00e4rtill finns det ytterligare magi med just musik, och s\u00e4rskilt s\u00e5dan som f\u00f6ljer oss genom livet. Som Taube. Eller Alice Tegner, vars barnvisor, \u00e4ven de ing\u00e5r i kanon. Musiken har en djupg\u00e5ende och v\u00e4ldokumenterad inverkan p\u00e5 hj\u00e4rnan. Inte minst hos m\u00e4nniskor som drabbas av demenssjukdomar och \u00e4r p\u00e5 v\u00e4g att f\u00f6rsvinna in i gl\u00f6mskan. N\u00e4r personer och platser tappas bort, finns musiken kvar och genom att h\u00f6ra v\u00e4lk\u00e4nda melodier, vilka ofta \u00e4r kopplade till starka k\u00e4nslom\u00e4ssiga minnen, leds man genom en unik port till kommunikation och kontakt. B\u00e5de Svenskt Demenscentrum och Alzheimerfonden lyfter fram just hur v\u00e4rdefull musiken \u00e4r f\u00f6r att \u00f6ka livskvaliteten f\u00f6r m\u00e4nniskor som drabbats av minnessjukdomar.<\/p>\n<p>Och, s\u00e5klart, f\u00f6r alla oss andra. Visor och melodier som stammar fr\u00e5n den svenska folksj\u00e4len binder oss samman och skapar trygghet och f\u00f6rst\u00e5else f\u00f6r vilka vi \u00e4r. V\u00e5r flora och fauna, v\u00e5r kultur och historia. Den som vill l\u00e4ra k\u00e4nna Sverige g\u00f6r gott i att l\u00e4ra sig om bl\u00e5sippan som ute i backarna st\u00e5r, ekorrn som satt i granen och blommorna, de blommor som redan slagit ut p\u00e5 \u00e4ngen, gullviva, mandelblom, kattfot och bl\u00e5 viol. Att b\u00e4ra dem med sig i hj\u00e4rtat g\u00f6r inte minst vinterkv\u00e4llar d\u00e5 sn\u00f6 allt f\u00f6r snabbt f\u00f6rvandlas till gr\u00e5slask lite ljusare.<\/p>\n<p>  Sveriges kulturkanon<\/p>\n<p>Detta \u00e4r en text i en serie om svensk kulturkanon fr\u00e5n Liberala Nyhetsbyr\u00e5n som publiceras under julghelgen 2025.<\/p>\n<p><img alt=\"Malin Lernfelt\" loading=\"lazy\" width=\"1080\" height=\"1080\" decoding=\"async\" data-nimg=\"1\" style=\"color:transparent;max-width:100%;width:100%\"   src=\"https:\/\/www.europesays.com\/se\/wp-content\/uploads\/2025\/12\/1766787514_771_SQUARE.png\"\/><\/p>\n","protected":false},"excerpt":{"rendered":"\u220e SVERIGES KULTURKANON: DEL 3 Ute \u00e4r det bitande kallt, vinterns f\u00f6rsta sn\u00f6 singlar ned fr\u00e5n den m\u00f6rka&hellip;\n","protected":false},"author":2,"featured_media":117921,"comment_status":"","ping_status":"","sticky":false,"template":"","format":"standard","meta":{"footnotes":""},"categories":[67],"tags":[104,34,31,33,32,30,105],"class_list":{"0":"post-117920","1":"post","2":"type-post","3":"status-publish","4":"format-standard","5":"has-post-thumbnail","7":"category-underhallning","8":"tag-entertainment","9":"tag-se","10":"tag-svenska","11":"tag-sverige","12":"tag-sweden","13":"tag-swedish","14":"tag-underhallning"},"share_on_mastodon":{"url":"https:\/\/pubeurope.com\/@se\/115788192518784013","error":""},"_links":{"self":[{"href":"https:\/\/www.europesays.com\/se\/wp-json\/wp\/v2\/posts\/117920","targetHints":{"allow":["GET"]}}],"collection":[{"href":"https:\/\/www.europesays.com\/se\/wp-json\/wp\/v2\/posts"}],"about":[{"href":"https:\/\/www.europesays.com\/se\/wp-json\/wp\/v2\/types\/post"}],"author":[{"embeddable":true,"href":"https:\/\/www.europesays.com\/se\/wp-json\/wp\/v2\/users\/2"}],"replies":[{"embeddable":true,"href":"https:\/\/www.europesays.com\/se\/wp-json\/wp\/v2\/comments?post=117920"}],"version-history":[{"count":0,"href":"https:\/\/www.europesays.com\/se\/wp-json\/wp\/v2\/posts\/117920\/revisions"}],"wp:featuredmedia":[{"embeddable":true,"href":"https:\/\/www.europesays.com\/se\/wp-json\/wp\/v2\/media\/117921"}],"wp:attachment":[{"href":"https:\/\/www.europesays.com\/se\/wp-json\/wp\/v2\/media?parent=117920"}],"wp:term":[{"taxonomy":"category","embeddable":true,"href":"https:\/\/www.europesays.com\/se\/wp-json\/wp\/v2\/categories?post=117920"},{"taxonomy":"post_tag","embeddable":true,"href":"https:\/\/www.europesays.com\/se\/wp-json\/wp\/v2\/tags?post=117920"}],"curies":[{"name":"wp","href":"https:\/\/api.w.org\/{rel}","templated":true}]}}