{"id":117934,"date":"2025-12-26T22:31:16","date_gmt":"2025-12-26T22:31:16","guid":{"rendered":"https:\/\/www.europesays.com\/se\/117934\/"},"modified":"2025-12-26T22:31:16","modified_gmt":"2025-12-26T22:31:16","slug":"charles-hudon-dok-upp-kunde-inte-radda-djurgarden-mot-leksand-shl","status":"publish","type":"post","link":"https:\/\/www.europesays.com\/se\/117934\/","title":{"rendered":"Charles Hudon d\u00f6k upp \u2013 kunde inte r\u00e4dda Djurg\u00e5rden mot Leksand | SHL"},"content":{"rendered":"<p>Publicerad 26 dec 2025 kl 20.32Uppdaterad kl 21.04<\/p>\n<p>Charles Hudon d\u00f6k pl\u00f6tsligt upp.<\/p>\n<p>Men det r\u00e4ddade inte Djurg\u00e5rden \u2013 som f\u00f6ll mot SHL-jumbon Leksand (5\u20130) i ett fullsatt Globen.<\/p>\n<p>\u2013 Jag v\u00e4rmde upp p\u00e5 flygplanet och t\u00e5get, s\u00e4ger Hudon.<\/p>\n<p><img loading=\"lazy\"   alt=\"\"\/><\/p>\n<p>Charles Hudon i sm\u00e4rtor.<\/p>\n<p>Foto: MICHAEL CAMPANELLA \/ BILDBYR\u00c5N<\/p>\n<p>\u00d6ppna bild i helsk\u00e4rm<img loading=\"lazy\"   alt=\"\"\/><\/p>\n<p>Peter Cehlarik gjorde m\u00e5l f\u00f6r Leksand mot Djurg\u00e5rden.<\/p>\n<p>Foto: MICHAEL CAMPANELLA \/ BILDBYR\u00c5N<\/p>\n<p>\u00d6ppna bild i helsk\u00e4rm<\/p>\n<p>Det blev tidig uppf\u00f6rsbacke f\u00f6r Djurg\u00e5rden n\u00e4r Marcus Karlberg, p\u00e5 volley och utan att ha st\u00f6rt motst\u00e5ndarm\u00e5lvakten, fr\u00e5n n\u00e4ra h\u00e5ll satt 1\u20130-m\u00e5let.<\/p>\n<p>\u2013 Vi tar en del dumma beslut, s\u00e4ger Djurg\u00e5rdstr\u00e4naren Robert Kimby i TV4.<\/p>\n<p>2\u20130 kom d\u00e4refter fr\u00e5n Peter Cehlarik, som nyligen blev av med kaptensrollen.<\/p>\n<p>\u2013 Det har inget med det att g\u00f6ra. Men det k\u00e4ndes bra, s\u00e5 jag drog till med en Linus Klasen-m\u00e5lgest, s\u00e4ger han efter att ha satt handen bakom \u00f6rat.<\/p>\n<p>Samtidigt, med 6.40 kvar av f\u00f6rsta perioden, klev Charles Hudon in p\u00e5 isen direkt fr\u00e5n korridoren.\u00a0<\/p>\n<p>TV4-kritiken: \u201dVarf\u00f6r?<\/p>\n<p>Hudon landade s\u00e5 sent som vid 17-tiden p\u00e5 Arlanda efter att ha spenderat julen i Nordamerika av privata sk\u00e4l.<\/p>\n<p>\u2013 Jag v\u00e4rmde upp p\u00e5 planet och t\u00e5get f\u00f6rst\u2026 sedan gjorde det ont. Jag kunde inte skydda mig sj\u00e4lv. F\u00f6rhoppningsvis \u00e4r det ingen st\u00f6rre fara, s\u00e4ger han.<\/p>\n<p>I mellanakten h\u00f6ll dock Djurg\u00e5rdarna andan sedan forwarden trippats vid sargen, fallit illa och hj\u00e4lpts ut i b\u00e5set.<\/p>\n<p>\u2013 Varf\u00f6r skulle Hudon in och spela efter flygresor och allt? Det s\u00e5g ut som att det hade varit j\u00e4tteon\u00f6digt, s\u00e4ger TV4-experten Petter R\u00f6nnqvist.<\/p>\n<p>\u201dKan inte h\u00e5lla p\u00e5 s\u00e5\u201d<\/p>\n<p>R\u00f6nnqvist var kritisk till spelet med pucken.<\/p>\n<p>\u2013 Det \u00e4r ju maken till julklappar man ger i v\u00e4g g\u00e5ng p\u00e5 g\u00e5ng. Man kan inte h\u00e5lla p\u00e5 s\u00e5 h\u00e4r.<\/p>\n<p>I period tre gjorde dock den nya Leksandskaptenen, tillika tidigare Djurg\u00e5rdsspelaren, Lukas Vejdemo s\u00e5 v\u00e4l ett tredje som ett fj\u00e4rde Leksandsm\u00e5l.\u00a0<\/p>\n<p>\u2013 Djurg\u00e5rden \u00e4r slarviga, s\u00e4ger Staffan Kronwall.<\/p>\n<p>Allt innan Marcus Karlberg satte 5\u20130. D\u00e4rmed tog de tre po\u00e4ng i Globen n\u00e4r \u00e5terv\u00e4ndande Marcus Gidl\u00f6f h\u00f6ll nollan.<\/p>\n<p>\u2013 Vi m\u00e5ste bli b\u00e4ttre, s\u00e4ger Hudon.<\/p>\n<p>F\u00f6rlusten \u00e4r lagets tredje raka.<\/p>\n","protected":false},"excerpt":{"rendered":"Publicerad 26 dec 2025 kl 20.32Uppdaterad kl 21.04 Charles Hudon d\u00f6k pl\u00f6tsligt upp. Men det r\u00e4ddade inte Djurg\u00e5rden&hellip;\n","protected":false},"author":2,"featured_media":117935,"comment_status":"","ping_status":"","sticky":false,"template":"","format":"standard","meta":{"footnotes":""},"categories":[5],"tags":[22,23,26,27,17,21,24,25,28,29,15,16,814,1014,18,34,255,823,31,33,32,30,19,20],"class_list":{"0":"post-117934","1":"post","2":"type-post","3":"status-publish","4":"format-standard","5":"has-post-thumbnail","7":"category-rubriker","8":"tag-breaking-news","9":"tag-breakingnews","10":"tag-featured-news","11":"tag-featurednews","12":"tag-headlines","13":"tag-huvudnyheter","14":"tag-latest-news","15":"tag-latestnews","16":"tag-main-news","17":"tag-mainnews","18":"tag-news","19":"tag-nyheter","20":"tag-organization-djurgarden-hockey","21":"tag-organization-leksands-if","22":"tag-rubriker","23":"tag-se","24":"tag-sections-ishockey","25":"tag-sections-shl","26":"tag-svenska","27":"tag-sverige","28":"tag-sweden","29":"tag-swedish","30":"tag-top-stories","31":"tag-topstories"},"share_on_mastodon":{"url":"https:\/\/pubeurope.com\/@se\/115788243510030340","error":""},"_links":{"self":[{"href":"https:\/\/www.europesays.com\/se\/wp-json\/wp\/v2\/posts\/117934","targetHints":{"allow":["GET"]}}],"collection":[{"href":"https:\/\/www.europesays.com\/se\/wp-json\/wp\/v2\/posts"}],"about":[{"href":"https:\/\/www.europesays.com\/se\/wp-json\/wp\/v2\/types\/post"}],"author":[{"embeddable":true,"href":"https:\/\/www.europesays.com\/se\/wp-json\/wp\/v2\/users\/2"}],"replies":[{"embeddable":true,"href":"https:\/\/www.europesays.com\/se\/wp-json\/wp\/v2\/comments?post=117934"}],"version-history":[{"count":0,"href":"https:\/\/www.europesays.com\/se\/wp-json\/wp\/v2\/posts\/117934\/revisions"}],"wp:featuredmedia":[{"embeddable":true,"href":"https:\/\/www.europesays.com\/se\/wp-json\/wp\/v2\/media\/117935"}],"wp:attachment":[{"href":"https:\/\/www.europesays.com\/se\/wp-json\/wp\/v2\/media?parent=117934"}],"wp:term":[{"taxonomy":"category","embeddable":true,"href":"https:\/\/www.europesays.com\/se\/wp-json\/wp\/v2\/categories?post=117934"},{"taxonomy":"post_tag","embeddable":true,"href":"https:\/\/www.europesays.com\/se\/wp-json\/wp\/v2\/tags?post=117934"}],"curies":[{"name":"wp","href":"https:\/\/api.w.org\/{rel}","templated":true}]}}