{"id":11794,"date":"2025-08-23T12:57:17","date_gmt":"2025-08-23T12:57:17","guid":{"rendered":"https:\/\/www.europesays.com\/se\/11794\/"},"modified":"2025-08-23T12:57:17","modified_gmt":"2025-08-23T12:57:17","slug":"putin-vill-garna-se-fotbolls-vm-har-nasta-ar","status":"publish","type":"post","link":"https:\/\/www.europesays.com\/se\/11794\/","title":{"rendered":"Putin vill g\u00e4rna se fotbolls-VM h\u00e4r n\u00e4sta \u00e5r"},"content":{"rendered":"<p>Donald Trump tror att Vladimir Putin kommer och tittar p\u00e5 fotbolls-VM som arrangeras i USA n\u00e4sta \u00e5r. I samband med en presstr\u00e4ff i Vita huset, d\u00e4r det internationella fotbollsf\u00f6rbundet Fifas president Gianni Infantino medverkade, tog Trump fram ett fotografi. <\/p>\n<p>\u2013 Jag fick precis en bild fr\u00e5n n\u00e5gon som v\u00e4ldigt g\u00e4rna vill vara d\u00e4r, sa han och visade upp bilden p\u00e5 honom och Putin. <\/p>\n<p>Enligt Trump har Putin varit \u201dv\u00e4ldigt respektfull\u201d mot USA och den ryske presidenten l\u00e4r dyka upp, menar han. <\/p>\n<p>Omni \u00e4r politiskt obundna och oberoende. Vi str\u00e4var efter att ge fler perspektiv p\u00e5 nyheterna. Har du fr\u00e5gor eller synpunkter kring v\u00e5r rapportering? <a href=\"https:\/\/omni.se\/trump-putin-vill-garna-se-fotbolls-vm-har-nasta-ar\/a\/mailto:redaktion@omni.se\" class=\"ArticleActions_contactLink__W2F1M\" rel=\"nofollow noopener\" target=\"_blank\">Kontakta redaktionen<\/a><\/p>\n","protected":false},"excerpt":{"rendered":"Donald Trump tror att Vladimir Putin kommer och tittar p\u00e5 fotbolls-VM som arrangeras i USA n\u00e4sta \u00e5r. I&hellip;\n","protected":false},"author":2,"featured_media":11795,"comment_status":"","ping_status":"","sticky":false,"template":"","format":"standard","meta":{"footnotes":""},"categories":[5],"tags":[22,23,385,26,27,1626,138,1625,17,21,24,25,28,29,15,268,16,18,34,31,33,32,30,19,20,74,261],"class_list":{"0":"post-11794","1":"post","2":"type-post","3":"status-publish","4":"format-standard","5":"has-post-thumbnail","7":"category-rubriker","8":"tag-breaking-news","9":"tag-breakingnews","10":"tag-donald-trump","11":"tag-featured-news","12":"tag-featurednews","13":"tag-fifa","14":"tag-fotboll","15":"tag-gianni-infantino","16":"tag-headlines","17":"tag-huvudnyheter","18":"tag-latest-news","19":"tag-latestnews","20":"tag-main-news","21":"tag-mainnews","22":"tag-news","23":"tag-nordamerika","24":"tag-nyheter","25":"tag-rubriker","26":"tag-se","27":"tag-svenska","28":"tag-sverige","29":"tag-sweden","30":"tag-swedish","31":"tag-top-stories","32":"tag-topstories","33":"tag-usa","34":"tag-vladimir-putin"},"share_on_mastodon":{"url":"","error":""},"_links":{"self":[{"href":"https:\/\/www.europesays.com\/se\/wp-json\/wp\/v2\/posts\/11794","targetHints":{"allow":["GET"]}}],"collection":[{"href":"https:\/\/www.europesays.com\/se\/wp-json\/wp\/v2\/posts"}],"about":[{"href":"https:\/\/www.europesays.com\/se\/wp-json\/wp\/v2\/types\/post"}],"author":[{"embeddable":true,"href":"https:\/\/www.europesays.com\/se\/wp-json\/wp\/v2\/users\/2"}],"replies":[{"embeddable":true,"href":"https:\/\/www.europesays.com\/se\/wp-json\/wp\/v2\/comments?post=11794"}],"version-history":[{"count":0,"href":"https:\/\/www.europesays.com\/se\/wp-json\/wp\/v2\/posts\/11794\/revisions"}],"wp:featuredmedia":[{"embeddable":true,"href":"https:\/\/www.europesays.com\/se\/wp-json\/wp\/v2\/media\/11795"}],"wp:attachment":[{"href":"https:\/\/www.europesays.com\/se\/wp-json\/wp\/v2\/media?parent=11794"}],"wp:term":[{"taxonomy":"category","embeddable":true,"href":"https:\/\/www.europesays.com\/se\/wp-json\/wp\/v2\/categories?post=11794"},{"taxonomy":"post_tag","embeddable":true,"href":"https:\/\/www.europesays.com\/se\/wp-json\/wp\/v2\/tags?post=11794"}],"curies":[{"name":"wp","href":"https:\/\/api.w.org\/{rel}","templated":true}]}}