{"id":117956,"date":"2025-12-26T23:33:08","date_gmt":"2025-12-26T23:33:08","guid":{"rendered":"https:\/\/www.europesays.com\/se\/117956\/"},"modified":"2025-12-26T23:33:08","modified_gmt":"2025-12-26T23:33:08","slug":"resa-till-seoul-efter-k-pop-demonjagarna","status":"publish","type":"post","link":"https:\/\/www.europesays.com\/se\/117956\/","title":{"rendered":"Resa till Seoul efter K-pop: demonj\u00e4garna"},"content":{"rendered":"<p>Neonljusen pulserar \u00f6ver shoppingdistriktet Myeongdong. P\u00e5 en stor sk\u00e4rm blinkar \u201dbe your idol\u201d och ur en h\u00f6gtalare dundrar refr\u00e4ngen till \u201dYour idol\u201d, en av de st\u00f6rsta hitl\u00e5tarna fr\u00e5n filmen \u201dK-pop: demonj\u00e4garna\u201d. Tv\u00e5 tjejer i skoluniformer hoppar ut mitt i g\u00e5gatan och s\u00e4tter koreografin till dansen lika felfritt som det animerade demonpojkbandet. M\u00e4nniskor runt omkring appl\u00e5derar. En \u00e4ldre dam som s\u00e4ljer pudersockriga pannkakor ropar skrattande: \u201cRumi-style hotteok!\u201d<\/p>\n<p>Vi befinner oss mitt i Seoul, men det k\u00e4nns som att vi klivit rakt in i \u201dK-pop: demonj\u00e4garna\u201d. Netflix st\u00f6rsta succ\u00e9 genom tiderna har inte bara gjort Seoul \u00e4nnu mer k\u00e4nt, den har f\u00f6rvandlat hela huvudstaden. Coex Square, Naksan Park och N Seoul Tower har blivit pilgrimsplatser f\u00f6r en ny v\u00e5g av k-pop-besatta bes\u00f6kare. <\/p>\n","protected":false},"excerpt":{"rendered":"Neonljusen pulserar \u00f6ver shoppingdistriktet Myeongdong. P\u00e5 en stor sk\u00e4rm blinkar \u201dbe your idol\u201d och ur en h\u00f6gtalare dundrar&hellip;\n","protected":false},"author":2,"featured_media":117957,"comment_status":"","ping_status":"","sticky":false,"template":"","format":"standard","meta":{"footnotes":""},"categories":[67],"tags":[104,34,31,33,32,30,105],"class_list":{"0":"post-117956","1":"post","2":"type-post","3":"status-publish","4":"format-standard","5":"has-post-thumbnail","7":"category-underhallning","8":"tag-entertainment","9":"tag-se","10":"tag-svenska","11":"tag-sverige","12":"tag-sweden","13":"tag-swedish","14":"tag-underhallning"},"share_on_mastodon":{"url":"https:\/\/pubeurope.com\/@se\/115788487296659732","error":""},"_links":{"self":[{"href":"https:\/\/www.europesays.com\/se\/wp-json\/wp\/v2\/posts\/117956","targetHints":{"allow":["GET"]}}],"collection":[{"href":"https:\/\/www.europesays.com\/se\/wp-json\/wp\/v2\/posts"}],"about":[{"href":"https:\/\/www.europesays.com\/se\/wp-json\/wp\/v2\/types\/post"}],"author":[{"embeddable":true,"href":"https:\/\/www.europesays.com\/se\/wp-json\/wp\/v2\/users\/2"}],"replies":[{"embeddable":true,"href":"https:\/\/www.europesays.com\/se\/wp-json\/wp\/v2\/comments?post=117956"}],"version-history":[{"count":0,"href":"https:\/\/www.europesays.com\/se\/wp-json\/wp\/v2\/posts\/117956\/revisions"}],"wp:featuredmedia":[{"embeddable":true,"href":"https:\/\/www.europesays.com\/se\/wp-json\/wp\/v2\/media\/117957"}],"wp:attachment":[{"href":"https:\/\/www.europesays.com\/se\/wp-json\/wp\/v2\/media?parent=117956"}],"wp:term":[{"taxonomy":"category","embeddable":true,"href":"https:\/\/www.europesays.com\/se\/wp-json\/wp\/v2\/categories?post=117956"},{"taxonomy":"post_tag","embeddable":true,"href":"https:\/\/www.europesays.com\/se\/wp-json\/wp\/v2\/tags?post=117956"}],"curies":[{"name":"wp","href":"https:\/\/api.w.org\/{rel}","templated":true}]}}