{"id":117967,"date":"2025-12-27T00:03:11","date_gmt":"2025-12-27T00:03:11","guid":{"rendered":"https:\/\/www.europesays.com\/se\/117967\/"},"modified":"2025-12-27T00:03:11","modified_gmt":"2025-12-27T00:03:11","slug":"destination-gotland-staller-in-farjor-infor-stormen-johannes","status":"publish","type":"post","link":"https:\/\/www.europesays.com\/se\/117967\/","title":{"rendered":"Destination Gotland st\u00e4ller in f\u00e4rjor inf\u00f6r stormen Johannes"},"content":{"rendered":"<p>Publicerad 26 dec 2025 kl 20.22Uppdaterad kl 20.33<\/p>\n<p>Stormen Johannes stoppar f\u00e4rjetrafiken till Gotland.<\/p>\n<p>F\u00f6r Jan Lundin, 63, g\u00e5r en hel helg f\u00f6rlorad.<\/p>\n<p>\u2013 Det suger fett, s\u00e4ger han.<\/p>\n<p>Senaste nyhetsklippen fr\u00e5n Expressen.<img   alt=\"\"\/><\/p>\n<p>Jan Lundin skulle ha tagit f\u00e4rjan till Gotland under l\u00f6rdagen \u2013 s\u00e5 blir inte fallet.<\/p>\n<p>Foto: Privat<\/p>\n<p>\u00d6ppna bild i helsk\u00e4rm<img loading=\"lazy\"   alt=\"\"\/><\/p>\n<p>Destination Gotlands f\u00e4rja M\/S Visby ang\u00f6r Nyn\u00e4shamn.<\/p>\n<p>Foto: ALEX LJUNGDAHL<\/p>\n<p>\u00d6ppna bild i helsk\u00e4rmArtikeln i korthet<\/p>\n<p> Stormen Johannes stoppar f\u00e4rjetrafiken till och fr\u00e5n Gotland under l\u00f6rdagen.<\/p>\n<p> Jan Lundin missar sin planerade helg p\u00e5 \u00f6n och f\u00e5r v\u00e4nta till s\u00f6ndag kv\u00e4ll p\u00e5 n\u00e4sta f\u00e4rja.<\/p>\n<p> Destination Gotlands app och webbplats hade tekniska problem n\u00e4r m\u00e5nga f\u00f6rs\u00f6kte boka om.<\/p>\n<p> Pendlarkortet ger ingen garanti f\u00f6r plats vid inst\u00e4llda avg\u00e5ngar.<\/p>\n<p>\u00a0Resen\u00e4rer h\u00e4nvisas till standby-k\u00f6 i Nyn\u00e4shamn \u2013 men platserna \u00e4r f\u00e5.<\/p>\n<p>Visa mer<\/p>\n<p>Stormen Johannes har tagit Sverige \u2013 med storm. <a href=\"https:\/\/www.expressen.se\/nyheter\/vader\/stormen-johannes-slar-till-stoppar-tag-och-farjor\/\" rel=\"nofollow noopener\" target=\"_blank\">I J\u00e4mtland \u00e4r delar av t\u00e5gtrafiken inst\u00e4lld och Trafikverket varnar f\u00f6r hala v\u00e4gar.<\/a><\/p>\n<p>\u00c4ven i \u00d6stersj\u00f6n v\u00e4ntas h\u00e5rda vindar dra in. S\u00e5 pass h\u00e5rda att Destination <a href=\"https:\/\/www.expressen.se\/tagg\/location\/gotland\/\" class=\"\" rel=\"nofollow noopener\" target=\"_blank\">Gotland<\/a> st\u00e4ller in avg\u00e5ngar till och fr\u00e5n Visby under l\u00f6rdagen.<\/p>\n<p>En som drabbas \u00e4r resen\u00e4ren Jan Lundin, som skulle ha rest till Gotland under l\u00f6rdagen. Planen var att ta emot g\u00e4ster och tillbringa helgen p\u00e5 \u00f6n.<\/p>\n<p>I st\u00e4llet kom ett kort sms fr\u00e5n Destination Gotland: avg\u00e5ngen till Visby st\u00e4lls in p\u00e5 grund av det h\u00e5rda v\u00e4derl\u00e4get.<\/p>\n<p>\u2013 Jag f\u00e5r bara ett meddelande om att f\u00e4rjan \u00e4r inst\u00e4lld. Det \u00e4r inte s\u00e5 att de bokar om mig automatiskt, s\u00e4ger han.<\/p>\n<p><img loading=\"lazy\"   alt=\"\"\/><\/p>\n<p>SMHI:s varningar f\u00f6r l\u00f6rdagen t\u00e4cker mer \u00e4n halva Sverige.<\/p>\n<p>Foto: SMHI<\/p>\n<p>\u00d6ppna bild i helsk\u00e4rm<img loading=\"lazy\"   alt=\"\"\/><\/p>\n<p>Ut\u00f6ver f\u00e4rjor till Gotland har en rad t\u00e5g i norra Sverige st\u00e4llts in under l\u00f6rdagen.<\/p>\n<p>Foto: JEPPE GUSTAFSSON \/ SHUTTERSTOCK EDITORIAL\/IBL<\/p>\n<p>\u00d6ppna bild i helsk\u00e4rm\u201dInte f\u00f6rsta g\u00e5ngen\u201d<\/p>\n<p>N\u00e4r han f\u00f6rs\u00f6ker ta reda p\u00e5 vilka alternativ som finns s\u00e5 g\u00e5r appen enligt honom knappt att anv\u00e4nda, eftersom belastningen \u00e4r f\u00f6r h\u00f6g.<\/p>\n<p>Efter kontakt med kundtj\u00e4nst f\u00e5r Jan veta att de n\u00e4rmaste avg\u00e5ngarna redan \u00e4r fullbokade. N\u00e4sta plats som erbjuds \u00e4r p\u00e5 s\u00f6ndag kv\u00e4ll, kvart \u00f6ver \u00e5tta.<\/p>\n<p>\u2013 D\u00e5 \u00e4r jag framme runt midnatt. Det betyder att hela l\u00f6rdagen och s\u00f6ndagen \u00e4r borta.<\/p>\n<p>F\u00f6r Jan Lundin f\u00e5r det direkta konsekvenser. Middagen med g\u00e4sterna p\u00e5 Gotland st\u00e4lls in och helgplanerna faller. Men han betonar att andra, som \u00e5ker f\u00f6r jobb eller gotl\u00e4nningar som ska ut och resa, har det \u00e4nnu v\u00e4rre.<\/p>\n<p>Jan Lundin har ett pendlarkort hos Destination Gotland som kostar 32 000 kronor per \u00e5r.\u00a0<\/p>\n<p>Ett kort som enligt honom ska ge f\u00f6rtur och flexibilitet, men som han upplever inte hj\u00e4lper.<\/p>\n<p>\u2013 Det h\u00e4r \u00e4r inte f\u00f6rsta g\u00e5ngen. Det har h\u00e4nt tidigare att avg\u00e5ngar st\u00e4lls in och man sj\u00e4lv f\u00e5r jaga nya biljetter, s\u00e4ger han.<\/p>\n<p>R\u00e5det: hoppas p\u00e5 \u201dstandby-k\u00f6\u201d<\/p>\n<p>Som alternativ f\u00e5r han r\u00e5det att ta sig till Nyn\u00e4shamn och st\u00e4lla sig i standby-k\u00f6 och hoppas p\u00e5 plats.<\/p>\n<p>\u2013 Ska jag k\u00f6ra fem mil, riskera att det \u00e4r fullt, \u00e5ka hem igen och sen g\u00f6ra samma resa en g\u00e5ng till? S\u00e5 kul \u00e4r det inte att \u00e5ka till Nyn\u00e4shamn.<\/p>\n<p>Han betonar att han har f\u00f6rst\u00e5else f\u00f6r att v\u00e4dret styr trafiken, men \u00e4r kritisk till hur situationen hanteras n\u00e4r problem uppst\u00e5r.<\/p>\n<p>Annons<\/p>\n<p>Nu \u00e5terst\u00e5r bara att v\u00e4nta in s\u00f6ndagskv\u00e4llens avg\u00e5ng. Han sammanfattar l\u00e4get:<\/p>\n<p>\u2013 Det suger fett.<\/p>\n<p>Adam Jacobsson, s\u00e4lj- och marknadschef p\u00e5 Destination Gotland, skriver i ett mejl att man har \u201df\u00f6rst\u00e5else f\u00f6r den frustration som uppst\u00e5r n\u00e4r v\u00e5ra digitala kanaler inte fungerar som resen\u00e4rerna f\u00f6rv\u00e4ntar sig\u201d.\u00a0<\/p>\n<p>\u201dI dag var belastningen h\u00f6g p\u00e5 b\u00e5de app och webb, vilket p\u00e5verkade prestandan och f\u00f6rdr\u00f6jde svarstiderna. Detta \u00e4r inte acceptabelt ur ett kundperspektiv.\u201d\u00a0<\/p>\n<p>P\u00e5 fr\u00e5gan om varf\u00f6r passagerare inte automatiskt blir ombokade utan beh\u00f6ver hitta nya resor sj\u00e4lv skriver Adam Jacobsson att \u201ddet skiljer sig fr\u00e5n fall till fall\u201d, men att resen\u00e4rerna som skulle \u00e5kt p\u00e5 turen i l\u00f6rdags helt enkelt inte fick plats p\u00e5 n\u00e4sta tur.<\/p>\n<p>G\u00e4llande pendlarkortet, som Jan Lundin innehar, s\u00e5 ger kortet vid trafikst\u00f6rningar \u201dingen s\u00e4rskild f\u00f6rtur eller garanti ut\u00f6ver r\u00e4tten att resa med n\u00e4sta tillg\u00e4ngliga avg\u00e5ng i m\u00e5n av plats\u201d.<\/p>\n","protected":false},"excerpt":{"rendered":"Publicerad 26 dec 2025 kl 20.22Uppdaterad kl 20.33 Stormen Johannes stoppar f\u00e4rjetrafiken till Gotland. F\u00f6r Jan Lundin, 63,&hellip;\n","protected":false},"author":2,"featured_media":117968,"comment_status":"","ping_status":"","sticky":false,"template":"","format":"standard","meta":{"footnotes":""},"categories":[5],"tags":[22,23,26,27,17,21,24,25,1486,28,29,15,16,6627,18,34,154,31,33,32,30,19,435,20],"class_list":{"0":"post-117967","1":"post","2":"type-post","3":"status-publish","4":"format-standard","5":"has-post-thumbnail","7":"category-rubriker","8":"tag-breaking-news","9":"tag-breakingnews","10":"tag-featured-news","11":"tag-featurednews","12":"tag-headlines","13":"tag-huvudnyheter","14":"tag-latest-news","15":"tag-latestnews","16":"tag-location-gotland","17":"tag-main-news","18":"tag-mainnews","19":"tag-news","20":"tag-nyheter","21":"tag-organization-trafikverket","22":"tag-rubriker","23":"tag-se","24":"tag-sections-sverige","25":"tag-svenska","26":"tag-sverige","27":"tag-sweden","28":"tag-swedish","29":"tag-top-stories","30":"tag-topic-trafik","31":"tag-topstories"},"share_on_mastodon":{"url":"https:\/\/pubeurope.com\/@se\/115788605234711915","error":""},"_links":{"self":[{"href":"https:\/\/www.europesays.com\/se\/wp-json\/wp\/v2\/posts\/117967","targetHints":{"allow":["GET"]}}],"collection":[{"href":"https:\/\/www.europesays.com\/se\/wp-json\/wp\/v2\/posts"}],"about":[{"href":"https:\/\/www.europesays.com\/se\/wp-json\/wp\/v2\/types\/post"}],"author":[{"embeddable":true,"href":"https:\/\/www.europesays.com\/se\/wp-json\/wp\/v2\/users\/2"}],"replies":[{"embeddable":true,"href":"https:\/\/www.europesays.com\/se\/wp-json\/wp\/v2\/comments?post=117967"}],"version-history":[{"count":0,"href":"https:\/\/www.europesays.com\/se\/wp-json\/wp\/v2\/posts\/117967\/revisions"}],"wp:featuredmedia":[{"embeddable":true,"href":"https:\/\/www.europesays.com\/se\/wp-json\/wp\/v2\/media\/117968"}],"wp:attachment":[{"href":"https:\/\/www.europesays.com\/se\/wp-json\/wp\/v2\/media?parent=117967"}],"wp:term":[{"taxonomy":"category","embeddable":true,"href":"https:\/\/www.europesays.com\/se\/wp-json\/wp\/v2\/categories?post=117967"},{"taxonomy":"post_tag","embeddable":true,"href":"https:\/\/www.europesays.com\/se\/wp-json\/wp\/v2\/tags?post=117967"}],"curies":[{"name":"wp","href":"https:\/\/api.w.org\/{rel}","templated":true}]}}