{"id":118012,"date":"2025-12-27T02:49:28","date_gmt":"2025-12-27T02:49:28","guid":{"rendered":"https:\/\/www.europesays.com\/se\/118012\/"},"modified":"2025-12-27T02:49:28","modified_gmt":"2025-12-27T02:49:28","slug":"frida-karlsson-om-os-paniken-ville-darifran-langdskidor","status":"publish","type":"post","link":"https:\/\/www.europesays.com\/se\/118012\/","title":{"rendered":"Frida Karlsson om OS-paniken: \u201dVille d\u00e4rifr\u00e5n\u201d | L\u00e4ngdskidor"},"content":{"rendered":"<p>Publicerad 25 dec 2025 kl 09.52Uppdaterad kl 15.31<\/p>\n<p>Frida Karlsson \u00f6ppnar upp om kollapsen i OS i Peking f\u00f6r fyra \u00e5r sedan.\u00a0<\/p>\n<p>\u2013 Jag k\u00e4nde egentligen bara att jag ville d\u00e4rifr\u00e5n, s\u00e4ger hon till SVT.\u00a0<\/p>\n<p>L\u00e4ngdskidstj\u00e4rnan Frida Karlsson ber\u00e4ttar om artisterna hon lyssnat mest p\u00e5 i \u00e5r.<img loading=\"lazy\"   alt=\"\"\/> <\/p>\n<p>Foto: MAXIM THORE \/ BILDBYR\u00c5N<\/p>\n<p>\u00d6ppna bild i helsk\u00e4rm<img loading=\"lazy\"   alt=\"\"\/> <\/p>\n<p>Foto: MAXIM THORE \/ BILDBYR\u00c5N<\/p>\n<p>\u00d6ppna bild i helsk\u00e4rm<\/p>\n<p>Inf\u00f6r n\u00e4sta \u00e5rs OS blickar <a href=\"https:\/\/www.expressen.se\/tagg\/person\/frida-karlsson\/\" class=\"\" rel=\"nofollow noopener\" target=\"_blank\">Frida Karlsson<\/a> tillbaka p\u00e5 m\u00e4sterskapet f\u00f6r fyra \u00e5r sedan i SVT Sports serie \u201dResan mot OS\u201d.<\/p>\n<p>Efter att ha kollapsat flera g\u00e5nger stoppades hon fr\u00e5n att k\u00f6ra tremilen av det medicinska teamet.\u00a0<\/p>\n<p>\u2013 Jag kommer ih\u00e5g att det var ett v\u00e4ldigt obehag i mig. Jag m\u00e5dde inte s\u00e5 bra just d\u00e5, s\u00e4ger hon i programmet.\u00a0<\/p>\n<p>M\u00e4sterskapet i Peking arrangerades i sviterna av pandemin, och allt runt idrotten var avskalat. Detta bidrog enligt Karlsson till att allt fokus hamnade p\u00e5 resultaten \u2013 vilket blev f\u00f6r allvarligt f\u00f6r henne.\u00a0<\/p>\n<p>Desto ljusare ser hon p\u00e5 stundande m\u00e4sterskap:<\/p>\n<p>\u2013 Det \u00e4r lite revanschk\u00e4nsla. Nu fyra \u00e5r senare har jag l\u00e4rt mig vad som funkar f\u00f6r mig.<\/p>\n","protected":false},"excerpt":{"rendered":"Publicerad 25 dec 2025 kl 09.52Uppdaterad kl 15.31 Frida Karlsson \u00f6ppnar upp om kollapsen i OS i Peking&hellip;\n","protected":false},"author":2,"featured_media":118013,"comment_status":"","ping_status":"","sticky":false,"template":"","format":"standard","meta":{"footnotes":""},"categories":[68],"tags":[4484,34,857,111,110,31,33,32,30],"class_list":{"0":"post-118012","1":"post","2":"type-post","3":"status-publish","4":"format-standard","5":"has-post-thumbnail","7":"category-sport","8":"tag-person-frida-karlsson","9":"tag-se","10":"tag-sections-langdskidor","11":"tag-sport","12":"tag-sports","13":"tag-svenska","14":"tag-sverige","15":"tag-sweden","16":"tag-swedish"},"share_on_mastodon":{"url":"https:\/\/pubeurope.com\/@se\/115789257980115753","error":""},"_links":{"self":[{"href":"https:\/\/www.europesays.com\/se\/wp-json\/wp\/v2\/posts\/118012","targetHints":{"allow":["GET"]}}],"collection":[{"href":"https:\/\/www.europesays.com\/se\/wp-json\/wp\/v2\/posts"}],"about":[{"href":"https:\/\/www.europesays.com\/se\/wp-json\/wp\/v2\/types\/post"}],"author":[{"embeddable":true,"href":"https:\/\/www.europesays.com\/se\/wp-json\/wp\/v2\/users\/2"}],"replies":[{"embeddable":true,"href":"https:\/\/www.europesays.com\/se\/wp-json\/wp\/v2\/comments?post=118012"}],"version-history":[{"count":0,"href":"https:\/\/www.europesays.com\/se\/wp-json\/wp\/v2\/posts\/118012\/revisions"}],"wp:featuredmedia":[{"embeddable":true,"href":"https:\/\/www.europesays.com\/se\/wp-json\/wp\/v2\/media\/118013"}],"wp:attachment":[{"href":"https:\/\/www.europesays.com\/se\/wp-json\/wp\/v2\/media?parent=118012"}],"wp:term":[{"taxonomy":"category","embeddable":true,"href":"https:\/\/www.europesays.com\/se\/wp-json\/wp\/v2\/categories?post=118012"},{"taxonomy":"post_tag","embeddable":true,"href":"https:\/\/www.europesays.com\/se\/wp-json\/wp\/v2\/tags?post=118012"}],"curies":[{"name":"wp","href":"https:\/\/api.w.org\/{rel}","templated":true}]}}