{"id":118048,"date":"2025-12-27T04:43:11","date_gmt":"2025-12-27T04:43:11","guid":{"rendered":"https:\/\/www.europesays.com\/se\/118048\/"},"modified":"2025-12-27T04:43:11","modified_gmt":"2025-12-27T04:43:11","slug":"premiarseger-for-sverige-i-jvm-stenberg-avgjorde","status":"publish","type":"post","link":"https:\/\/www.europesays.com\/se\/118048\/","title":{"rendered":"Premi\u00e4rseger f\u00f6r Sverige i JVM \u2013 Stenberg avgjorde"},"content":{"rendered":"<p>Juniorkronorna tog hem JVM-premi\u00e4ren mot Slovakien med 3\u20132 i Minnesota. Efter att ha tappat 2\u20130 till 2\u20132 r\u00e4ddades laget av Ivar Stenbergs avg\u00f6rande m\u00e5l.<\/p>\n<p>\u2013 Vi g\u00f6r det on\u00f6digt nerv\u00f6st. Vi \u00e4r ett b\u00e4ttre lag, vi ska kunna st\u00e4nga ner matchen tidigare. Sk\u00f6nt med vinst i alla fall, s\u00e4ger han i SVT.<\/p>\n<p>Nu v\u00e4ntar Schweiz i n\u00e4sta match p\u00e5 s\u00f6ndag, f\u00f6ljt av Tyskland p\u00e5 m\u00e5ndag. Gruppspelet avslutas mot USA p\u00e5 ny\u00e5rsafton.<\/p>\n<p>13 \u00e5r har g\u00e5tt sedan Sveriges senaste JVM-guld. D\u00e5 avgjorde nuvarande NHL-stj\u00e4rnan Mika Zibanejad finalen mot Ryssland i Calgary.<\/p>\n<p>Omni \u00e4r politiskt obundna och oberoende. Vi str\u00e4var efter att ge fler perspektiv p\u00e5 nyheterna. Har du fr\u00e5gor eller synpunkter kring v\u00e5r rapportering? <a href=\"https:\/\/omni.se\/premiarseger-for-sverige-i-jvm-stenberg-avgjorde\/a\/mailto:redaktion@omni.se\" class=\"ArticleActions_contactLink__W2F1M\" rel=\"nofollow noopener\" target=\"_blank\">Kontakta redaktionen<\/a><\/p>\n","protected":false},"excerpt":{"rendered":"Juniorkronorna tog hem JVM-premi\u00e4ren mot Slovakien med 3\u20132 i Minnesota. Efter att ha tappat 2\u20130 till 2\u20132 r\u00e4ddades&hellip;\n","protected":false},"author":2,"featured_media":118049,"comment_status":"","ping_status":"","sticky":false,"template":"","format":"standard","meta":{"footnotes":""},"categories":[68],"tags":[1472,12539,3549,34,111,110,31,33,32,30],"class_list":{"0":"post-118048","1":"post","2":"type-post","3":"status-publish","4":"format-standard","5":"has-post-thumbnail","7":"category-sport","8":"tag-ishockey","9":"tag-juniorkronorna","10":"tag-mika-zibanejad","11":"tag-se","12":"tag-sport","13":"tag-sports","14":"tag-svenska","15":"tag-sverige","16":"tag-sweden","17":"tag-swedish"},"share_on_mastodon":{"url":"https:\/\/pubeurope.com\/@se\/115789706257793250","error":""},"_links":{"self":[{"href":"https:\/\/www.europesays.com\/se\/wp-json\/wp\/v2\/posts\/118048","targetHints":{"allow":["GET"]}}],"collection":[{"href":"https:\/\/www.europesays.com\/se\/wp-json\/wp\/v2\/posts"}],"about":[{"href":"https:\/\/www.europesays.com\/se\/wp-json\/wp\/v2\/types\/post"}],"author":[{"embeddable":true,"href":"https:\/\/www.europesays.com\/se\/wp-json\/wp\/v2\/users\/2"}],"replies":[{"embeddable":true,"href":"https:\/\/www.europesays.com\/se\/wp-json\/wp\/v2\/comments?post=118048"}],"version-history":[{"count":0,"href":"https:\/\/www.europesays.com\/se\/wp-json\/wp\/v2\/posts\/118048\/revisions"}],"wp:featuredmedia":[{"embeddable":true,"href":"https:\/\/www.europesays.com\/se\/wp-json\/wp\/v2\/media\/118049"}],"wp:attachment":[{"href":"https:\/\/www.europesays.com\/se\/wp-json\/wp\/v2\/media?parent=118048"}],"wp:term":[{"taxonomy":"category","embeddable":true,"href":"https:\/\/www.europesays.com\/se\/wp-json\/wp\/v2\/categories?post=118048"},{"taxonomy":"post_tag","embeddable":true,"href":"https:\/\/www.europesays.com\/se\/wp-json\/wp\/v2\/tags?post=118048"}],"curies":[{"name":"wp","href":"https:\/\/api.w.org\/{rel}","templated":true}]}}