{"id":118062,"date":"2025-12-27T05:17:12","date_gmt":"2025-12-27T05:17:12","guid":{"rendered":"https:\/\/www.europesays.com\/se\/118062\/"},"modified":"2025-12-27T05:17:12","modified_gmt":"2025-12-27T05:17:12","slug":"julens-basta-krim-maraton-9-johan-falk-filmer-finns-nu-samlade-pa-viaplay","status":"publish","type":"post","link":"https:\/\/www.europesays.com\/se\/118062\/","title":{"rendered":"Julens b\u00e4sta krim-maraton! 9 Johan Falk-filmer finns nu samlade p\u00e5 Viaplay"},"content":{"rendered":"<p>En av Sveriges mest ikoniska actionserier g\u00f6r storstilad comeback i streamingutbudet. Den 27 december samlar <a href=\"https:\/\/www.moviezine.se\/nyheter\/nya-filmer-serier-viaplay-sverige-december-2025\" rel=\"nofollow noopener\" target=\"_blank\">Viaplay<\/a> \u201dJohan Falk\u201d och ger tittarna chansen att (\u00e5ter)uppleva den h\u00e5rdkokta ber\u00e4ttelsen om G\u00f6teborgspolisen och den hemliga specialenheten GSI.<\/p>\n<p>F\u00e5r du inte nog av svensk kriminalaction finns det god anledning att spetsa blicken mot mellandagarna. Med r\u00e5 realism, intensiva insatser och ett tydligt fokus p\u00e5 lojalitet, moral och priset man betalar f\u00f6r att leva n\u00e4ra v\u00e5ldet, har \u201dJohan Falk\u201d-filmerna blivit n\u00e5got av en modern svensk krimklassiker. Perfekt f\u00f6r dig som vill kombinera julmaten med lite adrenalinkickar, utan att beh\u00f6va l\u00e4mna soffan.<\/p>\n<p>Viaplay g\u00f6r nu \u201dJohan Falk\u201d-serien tillg\u00e4nglig p\u00e5 en och samma g\u00e5ng med nio filmer p\u00e5 ett st\u00e4lle! Nu kan du allts\u00e5 maratontitta dig igenom filmserien utan att beh\u00f6va jaga efter enskilda titlar, popcorn och mellandagsmys rekommenderas starkt!<\/p>\n<p>F\u00f6ljande filmer finns att streama p\u00e5 Viaplay fr\u00e5n den 27 december:<\/p>\n<ul class=\"wp-block-list\">\n<li>\u201dNoll tolerans\u201d<\/li>\n<li>\u201dLivvakterna\u201d<\/li>\n<li>\u201dDen tredje v\u00e5gen\u201d<\/li>\n<li>\u201dJohan Falk: De fredl\u00f6sa\u201d<\/li>\n<li>\u201dJohan Falk: Operation N\u00e4ktergal\u201d<\/li>\n<li>\u201dJohan Falk: Leo Gaut\u201d<\/li>\n<li>\u201dJohan Falk: GSI \u2013 Gruppen f\u00f6r s\u00e4rskilda insatser\u201d<\/li>\n<li>\u201dJohan Falk: National Target\u201d<\/li>\n<li>\u201dJohan Falk: Vapenbr\u00f6der\u201d<\/li>\n<\/ul>\n<p>Johan Falk-serien har genom \u00e5ren byggt upp en stark position inom svensk kriminalfilm, inte minst tack vare sitt konsekventa tonl\u00e4ge och sitt fokus p\u00e5 l\u00e5ngsiktigt ber\u00e4ttande. Filmerna kombinerar action med samh\u00e4llsfr\u00e5gor och ger en bild av ett Sverige d\u00e4r gr\u00e4nserna mellan r\u00e4tt och fel s\u00e4llan \u00e4r helt tydliga.<\/p>\n<p>\u00a0I filmerna m\u00f6ter vi bland annat: <strong>Jakob<\/strong> <strong>Eklund<\/strong> i titelrollen som Johan Falk, med <strong>Meliz<\/strong> <strong>Karlge<\/strong> vid sin sida som Sophie Nordh. <strong>Joel<\/strong> <strong>Kinnaman<\/strong> syns som Frank Wagner, <strong>Jens<\/strong> <strong>Hult\u00e9n<\/strong> som Seth Rydell och <strong>Mikael<\/strong> <strong>Tornving<\/strong> spelar Patrik Agrell. <strong>Marie<\/strong> <strong>Richardson<\/strong> axlar rollen som Hel\u00e9n Andersson, medan <strong>Zeljko<\/strong> <strong>Santrac<\/strong> gestaltar Matte.<\/p>\n<p>Med hela nio filmer samlade p\u00e5 Viaplay fr\u00e5n den 27 december blir detta ett perfekt tillf\u00e4lle att dyka ner i en av de mest omfattande och omtalade satsningarna inom svensk krim precis lagom till \u00e5rets lugnare tv-kv\u00e4llar.<\/p>\n<p>L\u00e4s ocks\u00e5: <a href=\"https:\/\/www.moviezine.se\/nyheter\/nya-filmer-serier-viaplay-sverige-december-2025\" title=\"50+ nya filmer och serier p\u00e5 Viaplay i december\" class=\"underline-custom !font-montserrat !font-bold !underline-offset-4 !decoration-4 !decoration-moviezine-green !text-md\" rel=\"nofollow noopener\" target=\"_blank\">50+ nya filmer och serier p\u00e5 Viaplay i december<\/a><\/p>\n<p>L\u00e4s ocks\u00e5: <a href=\"https:\/\/www.moviezine.se\/nyheter\/streama-johan-falk-filmerna-i-ratt-ordning\" title=\"S\u00e5 ser du Johan Falk-filmerna i r\u00e4tt ordning\" class=\"underline-custom !font-montserrat !font-bold !underline-offset-4 !decoration-4 !decoration-moviezine-green !text-md\" rel=\"nofollow noopener\" target=\"_blank\">S\u00e5 ser du Johan Falk-filmerna i r\u00e4tt ordning<\/a><\/p>\n","protected":false},"excerpt":{"rendered":"En av Sveriges mest ikoniska actionserier g\u00f6r storstilad comeback i streamingutbudet. Den 27 december samlar Viaplay \u201dJohan Falk\u201d&hellip;\n","protected":false},"author":2,"featured_media":118063,"comment_status":"","ping_status":"","sticky":false,"template":"","format":"standard","meta":{"footnotes":""},"categories":[67],"tags":[104,12647,34,2032,31,33,32,30,105,2275],"class_list":{"0":"post-118062","1":"post","2":"type-post","3":"status-publish","4":"format-standard","5":"has-post-thumbnail","7":"category-underhallning","8":"tag-entertainment","9":"tag-johan-falk","10":"tag-se","11":"tag-streamingtips","12":"tag-svenska","13":"tag-sverige","14":"tag-sweden","15":"tag-swedish","16":"tag-underhallning","17":"tag-viaplay"},"share_on_mastodon":{"url":"https:\/\/pubeurope.com\/@se\/115789839893380463","error":""},"_links":{"self":[{"href":"https:\/\/www.europesays.com\/se\/wp-json\/wp\/v2\/posts\/118062","targetHints":{"allow":["GET"]}}],"collection":[{"href":"https:\/\/www.europesays.com\/se\/wp-json\/wp\/v2\/posts"}],"about":[{"href":"https:\/\/www.europesays.com\/se\/wp-json\/wp\/v2\/types\/post"}],"author":[{"embeddable":true,"href":"https:\/\/www.europesays.com\/se\/wp-json\/wp\/v2\/users\/2"}],"replies":[{"embeddable":true,"href":"https:\/\/www.europesays.com\/se\/wp-json\/wp\/v2\/comments?post=118062"}],"version-history":[{"count":0,"href":"https:\/\/www.europesays.com\/se\/wp-json\/wp\/v2\/posts\/118062\/revisions"}],"wp:featuredmedia":[{"embeddable":true,"href":"https:\/\/www.europesays.com\/se\/wp-json\/wp\/v2\/media\/118063"}],"wp:attachment":[{"href":"https:\/\/www.europesays.com\/se\/wp-json\/wp\/v2\/media?parent=118062"}],"wp:term":[{"taxonomy":"category","embeddable":true,"href":"https:\/\/www.europesays.com\/se\/wp-json\/wp\/v2\/categories?post=118062"},{"taxonomy":"post_tag","embeddable":true,"href":"https:\/\/www.europesays.com\/se\/wp-json\/wp\/v2\/tags?post=118062"}],"curies":[{"name":"wp","href":"https:\/\/api.w.org\/{rel}","templated":true}]}}