{"id":118068,"date":"2025-12-27T05:22:55","date_gmt":"2025-12-27T05:22:55","guid":{"rendered":"https:\/\/www.europesays.com\/se\/118068\/"},"modified":"2025-12-27T05:22:55","modified_gmt":"2025-12-27T05:22:55","slug":"berg-om-nya-bast-i-test-aldrig-skamts-sa-mycket","status":"publish","type":"post","link":"https:\/\/www.europesays.com\/se\/118068\/","title":{"rendered":"Berg om nya \u201dB\u00e4st i test\u201d: \u201dAldrig sk\u00e4mts s\u00e5 mycket\u201d"},"content":{"rendered":"<p>Tittarsucc\u00e9n \u201dB\u00e4st i test\u201d \u00e4r tillbaka med en ny s\u00e4song den 9 januari. Bland de nya deltagarna finns Carina Berg, Emma Molin och Ahmed Berhan, uppger TV4 i ett pressmeddelande.<\/p>\n<p>\u2013 Jag tror aldrig att jag har skrattat och sk\u00e4mts s\u00e5 mycket under en och samma tv-produktion, s\u00e4ger Carina Berg och r\u00e5der tittarna att ladda med en \u201dsk\u00e4mskudde\u201d, rapporterar TT.<\/p>\n<p>I testpanelen syns ocks\u00e5 radioprogramledaren David Druid och Lasse Kron\u00e9r. Babben Larsson och David Sundin leder som vanligt programmet. <\/p>\n<p>Omni \u00e4r politiskt obundna och oberoende. Vi str\u00e4var efter att ge fler perspektiv p\u00e5 nyheterna. Har du fr\u00e5gor eller synpunkter kring v\u00e5r rapportering? <a href=\"https:\/\/omni.se\/berg-om-nya-bast-i-test-aldrig-skamts-sa-mycket\/a\/mailto:redaktion@omni.se\" class=\"ArticleActions_contactLink__W2F1M\" rel=\"nofollow noopener\" target=\"_blank\">Kontakta redaktionen<\/a><\/p>\n","protected":false},"excerpt":{"rendered":"Tittarsucc\u00e9n \u201dB\u00e4st i test\u201d \u00e4r tillbaka med en ny s\u00e4song den 9 januari. Bland de nya deltagarna finns&hellip;\n","protected":false},"author":2,"featured_media":118069,"comment_status":"","ping_status":"","sticky":false,"template":"","format":"standard","meta":{"footnotes":""},"categories":[5],"tags":[12057,22,23,12649,12650,26,27,168,17,21,12648,24,25,28,29,15,16,18,34,31,33,32,30,19,20,4189],"class_list":{"0":"post-118068","1":"post","2":"type-post","3":"status-publish","4":"format-standard","5":"has-post-thumbnail","7":"category-rubriker","8":"tag-ahmed-berhan","9":"tag-breaking-news","10":"tag-breakingnews","11":"tag-carina-berg","12":"tag-emma-molin","13":"tag-featured-news","14":"tag-featurednews","15":"tag-film-tv","16":"tag-headlines","17":"tag-huvudnyheter","18":"tag-lasse-kroner","19":"tag-latest-news","20":"tag-latestnews","21":"tag-main-news","22":"tag-mainnews","23":"tag-news","24":"tag-nyheter","25":"tag-rubriker","26":"tag-se","27":"tag-svenska","28":"tag-sverige","29":"tag-sweden","30":"tag-swedish","31":"tag-top-stories","32":"tag-topstories","33":"tag-tv4"},"share_on_mastodon":{"url":"https:\/\/pubeurope.com\/@se\/115789863515937578","error":""},"_links":{"self":[{"href":"https:\/\/www.europesays.com\/se\/wp-json\/wp\/v2\/posts\/118068","targetHints":{"allow":["GET"]}}],"collection":[{"href":"https:\/\/www.europesays.com\/se\/wp-json\/wp\/v2\/posts"}],"about":[{"href":"https:\/\/www.europesays.com\/se\/wp-json\/wp\/v2\/types\/post"}],"author":[{"embeddable":true,"href":"https:\/\/www.europesays.com\/se\/wp-json\/wp\/v2\/users\/2"}],"replies":[{"embeddable":true,"href":"https:\/\/www.europesays.com\/se\/wp-json\/wp\/v2\/comments?post=118068"}],"version-history":[{"count":0,"href":"https:\/\/www.europesays.com\/se\/wp-json\/wp\/v2\/posts\/118068\/revisions"}],"wp:featuredmedia":[{"embeddable":true,"href":"https:\/\/www.europesays.com\/se\/wp-json\/wp\/v2\/media\/118069"}],"wp:attachment":[{"href":"https:\/\/www.europesays.com\/se\/wp-json\/wp\/v2\/media?parent=118068"}],"wp:term":[{"taxonomy":"category","embeddable":true,"href":"https:\/\/www.europesays.com\/se\/wp-json\/wp\/v2\/categories?post=118068"},{"taxonomy":"post_tag","embeddable":true,"href":"https:\/\/www.europesays.com\/se\/wp-json\/wp\/v2\/tags?post=118068"}],"curies":[{"name":"wp","href":"https:\/\/api.w.org\/{rel}","templated":true}]}}