{"id":118090,"date":"2025-12-27T05:57:54","date_gmt":"2025-12-27T05:57:54","guid":{"rendered":"https:\/\/www.europesays.com\/se\/118090\/"},"modified":"2025-12-27T05:57:54","modified_gmt":"2025-12-27T05:57:54","slug":"morgonens-nyheter-tva-doda-i-villabrand-stolder-i-obemannade-butiker-bilar-krockade-i-centrala-karlstad","status":"publish","type":"post","link":"https:\/\/www.europesays.com\/se\/118090\/","title":{"rendered":"MORGONENS NYHETER: Tv\u00e5 d\u00f6da i villabrand \u2022 St\u00f6lder i obemannade butiker \u2022 Bilar krockade i centrala Karlstad"},"content":{"rendered":"<p class=\"mb-4 mx-auto max-w-xl\"><strong>Vill du f\u00e5 en snabb nyhetsuppdatering kring l\u00e4get i V\u00e4rmland? H\u00e4r \u00e4r morgonens nyheter.<\/strong><\/p>\n<p class=\"break-words mb-4 mx-auto max-w-xl\">R\u00e4ddningstj\u00e4nsten larmades om en villabrand i Kristinehamn sent p\u00e5 julafton. Tv\u00e5 m\u00e4n hittades avlidna i byggnaden och polisen har inlett en f\u00f6runders\u00f6kning om mordbrand.<\/p>\n<p><a class=\"in-article-link mb-4 mx-auto max-w-xl text-gray-900 hover:text-gray-900\/70 dark:text-gray-50 dark:hover:text-gray-50\/70\" href=\"https:\/\/www.nwt.se\/2025\/12\/25\/insatsledaren-om-dodliga-branden-hade-brunnit-ett-tag-6de28\/\" rel=\"nofollow noopener\" target=\"_blank\">Insatsledaren om d\u00f6dliga branden: \u201dHade brunnit ett tag\u201d<\/a><\/p>\n<p class=\"break-words mb-4 mx-auto max-w-xl\">Obemannade matbutiker har vuxit i landet, men st\u00f6lder \u00e4r ett branschproblem.<\/p>\n<p class=\"break-words mb-4 mx-auto max-w-xl\">\u2013 Det f\u00f6rekommer, precis som i bemannade butiker, s\u00e4ger Eddie Eurenius, \u00e4gare till 24sju i Hagfors.<\/p>\n<p><a class=\"in-article-link mb-4 mx-auto max-w-xl text-gray-900 hover:text-gray-900\/70 dark:text-gray-50 dark:hover:text-gray-50\/70\" href=\"https:\/\/www.nwt.se\/2025\/12\/25\/obemannade-butiker-vaxer-kameror-avslojar-stolder-377cd\/\" rel=\"nofollow noopener\" target=\"_blank\">Obemannade butiker v\u00e4xer \u2013 kameror avsl\u00f6jar st\u00f6lder<\/a><\/p>\n<p class=\"break-words mb-4 mx-auto max-w-xl\">Tv\u00e5 bilar krockade p\u00e5 Strandv\u00e4gen vid Herrhagen i Karlstad under julaftonskv\u00e4llen. Totalt var fyra personer drabbade.<\/p>\n<p><a class=\"in-article-link mb-4 mx-auto max-w-xl text-gray-900 hover:text-gray-900\/70 dark:text-gray-50 dark:hover:text-gray-50\/70\" href=\"https:\/\/www.nwt.se\/2025\/12\/24\/airbags-utlostes-nar-tva-bilar-kolliderade-eae49\/\" rel=\"nofollow noopener\" target=\"_blank\">Airbags utl\u00f6stes n\u00e4r tv\u00e5 bilar kolliderade<\/a><\/p>\n","protected":false},"excerpt":{"rendered":"Vill du f\u00e5 en snabb nyhetsuppdatering kring l\u00e4get i V\u00e4rmland? H\u00e4r \u00e4r morgonens nyheter. R\u00e4ddningstj\u00e4nsten larmades om en&hellip;\n","protected":false},"author":2,"featured_media":118091,"comment_status":"","ping_status":"","sticky":false,"template":"","format":"standard","meta":{"footnotes":""},"categories":[12],"tags":[22,23,26,27,17,21,24,25,28,29,15,16,18,34,31,33,32,30,19,20],"class_list":{"0":"post-118090","1":"post","2":"type-post","3":"status-publish","4":"format-standard","5":"has-post-thumbnail","7":"category-sverige","8":"tag-breaking-news","9":"tag-breakingnews","10":"tag-featured-news","11":"tag-featurednews","12":"tag-headlines","13":"tag-huvudnyheter","14":"tag-latest-news","15":"tag-latestnews","16":"tag-main-news","17":"tag-mainnews","18":"tag-news","19":"tag-nyheter","20":"tag-rubriker","21":"tag-se","22":"tag-svenska","23":"tag-sverige","24":"tag-sweden","25":"tag-swedish","26":"tag-top-stories","27":"tag-topstories"},"share_on_mastodon":{"url":"https:\/\/pubeurope.com\/@se\/115790001132994462","error":""},"_links":{"self":[{"href":"https:\/\/www.europesays.com\/se\/wp-json\/wp\/v2\/posts\/118090","targetHints":{"allow":["GET"]}}],"collection":[{"href":"https:\/\/www.europesays.com\/se\/wp-json\/wp\/v2\/posts"}],"about":[{"href":"https:\/\/www.europesays.com\/se\/wp-json\/wp\/v2\/types\/post"}],"author":[{"embeddable":true,"href":"https:\/\/www.europesays.com\/se\/wp-json\/wp\/v2\/users\/2"}],"replies":[{"embeddable":true,"href":"https:\/\/www.europesays.com\/se\/wp-json\/wp\/v2\/comments?post=118090"}],"version-history":[{"count":0,"href":"https:\/\/www.europesays.com\/se\/wp-json\/wp\/v2\/posts\/118090\/revisions"}],"wp:featuredmedia":[{"embeddable":true,"href":"https:\/\/www.europesays.com\/se\/wp-json\/wp\/v2\/media\/118091"}],"wp:attachment":[{"href":"https:\/\/www.europesays.com\/se\/wp-json\/wp\/v2\/media?parent=118090"}],"wp:term":[{"taxonomy":"category","embeddable":true,"href":"https:\/\/www.europesays.com\/se\/wp-json\/wp\/v2\/categories?post=118090"},{"taxonomy":"post_tag","embeddable":true,"href":"https:\/\/www.europesays.com\/se\/wp-json\/wp\/v2\/tags?post=118090"}],"curies":[{"name":"wp","href":"https:\/\/api.w.org\/{rel}","templated":true}]}}