{"id":118094,"date":"2025-12-27T06:05:24","date_gmt":"2025-12-27T06:05:24","guid":{"rendered":"https:\/\/www.europesays.com\/se\/118094\/"},"modified":"2025-12-27T06:05:24","modified_gmt":"2025-12-27T06:05:24","slug":"techjattar-kan-lamna-kalifornien-fore-nyar","status":"publish","type":"post","link":"https:\/\/www.europesays.com\/se\/118094\/","title":{"rendered":"Techj\u00e4ttar kan l\u00e4mna Kalifornien f\u00f6re ny\u00e5r"},"content":{"rendered":"<p>Techentrepren\u00f6ren och riskkapitalisten Peter Thiel och Googles medgrundare Larry Page \u00f6verv\u00e4ger att l\u00e4mna Kalifornien f\u00f6re ny\u00e5r, uppger flera k\u00e4llor i deras n\u00e4rhet f\u00f6r New York Times.<\/p>\n<p>Anledningen \u00e4r en f\u00f6reslagen f\u00f6rm\u00f6genhetsskatt p\u00e5 fem procent som skulle g\u00e4lla delstatens runt 200 dollarmiljard\u00e4rer.<\/p>\n<p>Om lagf\u00f6rslaget r\u00f6stas igenom i mellan\u00e5rsvalet i november skulle det retroaktivt g\u00e4lla miljard\u00e4rer bosatta i Kalifornien fr\u00e5n och med den 1 januari. De med 20 miljarder dollar eller mer i tillg\u00e5ngar skulle d\u00e5 \u00e5l\u00e4ggas en eng\u00e5ngsskatt p\u00e5 en miljard och f\u00e5 fem \u00e5r p\u00e5 sig att betala den.<\/p>\n<p>Omni \u00e4r politiskt obundna och oberoende. Vi str\u00e4var efter att ge fler perspektiv p\u00e5 nyheterna. Har du fr\u00e5gor eller synpunkter kring v\u00e5r rapportering? <a href=\"https:\/\/omni.se\/kallor-techjattar-kan-lamna-kalifornien-fore-nyar\/a\/mailto:redaktion@omni.se\" class=\"ArticleActions_contactLink__W2F1M\" rel=\"nofollow noopener\" target=\"_blank\">Kontakta redaktionen<\/a><\/p>\n","protected":false},"excerpt":{"rendered":"Techentrepren\u00f6ren och riskkapitalisten Peter Thiel och Googles medgrundare Larry Page \u00f6verv\u00e4ger att l\u00e4mna Kalifornien f\u00f6re ny\u00e5r, uppger flera&hellip;\n","protected":false},"author":2,"featured_media":118095,"comment_status":"","ping_status":"","sticky":false,"template":"","format":"standard","meta":{"footnotes":""},"categories":[65],"tags":[72,70,71,12651,268,8178,34,31,33,32,30,74],"class_list":{"0":"post-118094","1":"post","2":"type-post","3":"status-publish","4":"format-standard","5":"has-post-thumbnail","7":"category-ekonomi","8":"tag-business","9":"tag-economy","10":"tag-ekonomi","11":"tag-larry-page","12":"tag-nordamerika","13":"tag-peter-thiel","14":"tag-se","15":"tag-svenska","16":"tag-sverige","17":"tag-sweden","18":"tag-swedish","19":"tag-usa"},"share_on_mastodon":{"url":"https:\/\/pubeurope.com\/@se\/115790028705524334","error":""},"_links":{"self":[{"href":"https:\/\/www.europesays.com\/se\/wp-json\/wp\/v2\/posts\/118094","targetHints":{"allow":["GET"]}}],"collection":[{"href":"https:\/\/www.europesays.com\/se\/wp-json\/wp\/v2\/posts"}],"about":[{"href":"https:\/\/www.europesays.com\/se\/wp-json\/wp\/v2\/types\/post"}],"author":[{"embeddable":true,"href":"https:\/\/www.europesays.com\/se\/wp-json\/wp\/v2\/users\/2"}],"replies":[{"embeddable":true,"href":"https:\/\/www.europesays.com\/se\/wp-json\/wp\/v2\/comments?post=118094"}],"version-history":[{"count":0,"href":"https:\/\/www.europesays.com\/se\/wp-json\/wp\/v2\/posts\/118094\/revisions"}],"wp:featuredmedia":[{"embeddable":true,"href":"https:\/\/www.europesays.com\/se\/wp-json\/wp\/v2\/media\/118095"}],"wp:attachment":[{"href":"https:\/\/www.europesays.com\/se\/wp-json\/wp\/v2\/media?parent=118094"}],"wp:term":[{"taxonomy":"category","embeddable":true,"href":"https:\/\/www.europesays.com\/se\/wp-json\/wp\/v2\/categories?post=118094"},{"taxonomy":"post_tag","embeddable":true,"href":"https:\/\/www.europesays.com\/se\/wp-json\/wp\/v2\/tags?post=118094"}],"curies":[{"name":"wp","href":"https:\/\/api.w.org\/{rel}","templated":true}]}}