{"id":118096,"date":"2025-12-27T06:07:15","date_gmt":"2025-12-27T06:07:15","guid":{"rendered":"https:\/\/www.europesays.com\/se\/118096\/"},"modified":"2025-12-27T06:07:15","modified_gmt":"2025-12-27T06:07:15","slug":"rivstart-for-gratis-inomhuslekpark-i-bredden","status":"publish","type":"post","link":"https:\/\/www.europesays.com\/se\/118096\/","title":{"rendered":"Rivstart f\u00f6r gratis inomhuslekpark i Bredden"},"content":{"rendered":"<p class=\"ort\">Bredden<\/p>\n<p class=\"text\">I december invigdes den nya, gratis inomhuslekparken i Bredden i Upplands V\u00e4sby.<\/p>\n<p class=\"text\">P\u00e5 drygt 300 kvadratmeter \u00f6ppnar sig en magisk sagov\u00e4rld under namnet Bredoria, n\u00e5got <a target=\"_blank\" rel=\"noopener\" href=\"MItt i https:\/\/www.mitti.se\/nyheter\/har-oppnar-lekpark-inomhus--med-gratis-intrade-6.3.325379.104125a470\">MItt<\/a> i tidigare ber\u00e4ttat om.<\/p>\n<p class=\"text\">Och det var full fart direkt. <\/p>\n<p class=\"text\">\u2013 Intresset fr\u00e5n barnfamiljer har varit stort. Det k\u00e4nns j\u00e4ttekul, s\u00e4ger Layna Sparri, Alecta Fastigheters marknadsomr\u00e5deschef i Bredden.<\/p>\n<p class=\"faktarubrik\">Bredoria<\/p>\n<p class=\"fakta\">Vad: Inomhuslekpark i form av en magisk sagov\u00e4rld.<\/p>\n<p class=\"fakta\">Var: Kanalv\u00e4gen 7D i Upplands V\u00e4sby.<\/p>\n<p class=\"fakta\">\u00d6ppettider: M\u00e5ndag\u2013fredag kl 10\u201315, L\u00f6rdag\u2013s\u00f6ndag kl 10\u201317.<br \/>Entr\u00e9: Gratis.<\/p>\n<p class=\"fakta\">Finns: Kaf\u00e9 med fika. Kalasrum finns att hyra.<br \/>Drivs av: Alecta Fastigheter.<\/p>\n<p class=\"faktakalla\">K\u00e4lla: Alecta Fastigheter<\/p>\n<p class=\"text\">Ett par veckor efter att d\u00f6rrarna slogs upp p\u00e5 Kanalv\u00e4gen \u00e4r ett 20-tal vuxna och barn p\u00e5 plats. Kompisarna Alexandra Hill fr\u00e5n Fresta och Jannike Rivelsrud fr\u00e5n Bollstan\u00e4s har tagit med sig hela barnaskaran f\u00f6r att fly undan det trista v\u00e4dret.<\/p>\n<p><img decoding=\"async\" class=\"Image Image_\" src=\"\" data-aghref=\"http:\/\/www.mitti.se\/image-3.353456.270264.20251227060011.1117175069\" data-agimagetype=\"hardcrop\" alt=\"Eleonora Hill, Nellie och Colin Rivelsrud \u00e4r heln\u00f6jda med lekparken i Bredden.\"\/><\/p>\n<p class=\"Caption\">Eleonora Hill, Nellie och Colin Rivelsrud \u00e4r heln\u00f6jda med lekparken i Bredden.<\/p>\n<p class=\"Source\">Mikael Andersson<\/p>\n<p class=\"text\">\u2013 Det \u00e4r inte j\u00e4ttekul att ta sig ut med barnvagnen nu, s\u00e4ger Jannike.<\/p>\n<p class=\"text\">Sm\u00e5ttingarna Milton Hill och Melvin Rivelsrud, b\u00e5da 11 m\u00e5nader, tittar stor\u00f6gt p\u00e5 fr\u00e5n mammornas famn medan storasyskonen utforskar sagolandet.<\/p>\n<p class=\"text\">\u2013 Jag gillar allting. Det \u00e4r kul att \u00e5ka rutschkana och l\u00e5tsas resa i tiden, s\u00e4ger Eleonora Hill, 4.<\/p>\n<p class=\"text\">Tre\u00e5riga Colin Rivelsrud \u00e4r ocks\u00e5 n\u00f6jd.<\/p>\n<p class=\"text\">\u2013 Jag gillar att l\u00e4sa b\u00f6cker i kojan och fika.<\/p>\n<p><img decoding=\"async\" class=\"Image Image_\" src=\"\" data-aghref=\"http:\/\/www.mitti.se\/image-3.353497.270264.20251227060011.1a243ad342\" data-agimagetype=\"hardcrop\" alt=\"Jannike Rivelsrud och Alexandra Hill med Melvin och Milton, 11 m\u00e5nader, tycker det \u00e4r sk\u00f6nt att ha n\u00e5gonstans att g\u00e5 med sm\u00e5ttingarna. &quot;Bra att det inte kostar n\u00e5got, det drar l\u00e4tt i v\u00e4g n\u00e4r man har flera barn&quot;, s\u00e4ger Jannike.\"\/><\/p>\n<p class=\"Caption\">Jannike Rivelsrud och Alexandra Hill med Melvin och Milton, 11 m\u00e5nader, tycker det \u00e4r sk\u00f6nt att ha n\u00e5gonstans att g\u00e5 med sm\u00e5ttingarna. &#8221;Bra att det inte kostar n\u00e5got, det drar l\u00e4tt i v\u00e4g n\u00e4r man har flera barn&#8221;, s\u00e4ger Jannike.<\/p>\n<p class=\"Source\">Mikael Andersson<\/p>\n<p>Lagom stort <\/p>\n<p class=\"text\">N\u00f6jda barn brukar ge n\u00f6jda mammor. S\u00e5 \u00e4ven nu.<\/p>\n<p class=\"text\">\u2013 Det \u00e4r verkligen fint h\u00e4r och lagom stort. P\u00e5 st\u00f6rre lekland \u00e4r det sv\u00e5rt att f\u00e5 en \u00f6verblick \u00f6ver barnen, men h\u00e4r ser man dem hela tiden, s\u00e4ger Jannike.<\/p>\n<p class=\"text\">De uppskattar ocks\u00e5 att de har n\u00e4ra till Bredden och \u2013 inte minst \u2013 att det \u00e4r gratis.<\/p>\n<p class=\"text\">\u2013 N\u00e4r man har flera barn blir det snabbt dyrt. Att g\u00e5 p\u00e5 Leos lekland eller Junibacken till exempel drar i v\u00e4g, s\u00e4ger Jannike.<\/p>\n<p><img decoding=\"async\" class=\"Image Image_\" src=\"\" data-aghref=\"http:\/\/www.mitti.se\/image-3.353454.270264.20251227060011.a89e8b01e2\" data-agimagetype=\"hardcrop\" alt=\"Colin, Eleonora och Nellie g\u00f6mmer sig under bron.\"\/><\/p>\n<p class=\"Caption\">Colin, Eleonora och Nellie g\u00f6mmer sig under bron.<\/p>\n<p class=\"Source\">Mikael Andersson<\/p>\n<p>Farmor och farfar<\/p>\n<p class=\"text\">Vid ett bord intill sitter farmor Eva Hagel Mannerfeldt och farfar Odd Hagel, som bes\u00f6ker Bredoria f\u00f6r f\u00f6rsta g\u00e5ngen. Barnbarnet Tage, 4, \u00e4r med ett par sekunder innan han springer ut p\u00e5 den gr\u00f6na &#8221;gr\u00e4smattan&#8221;.<\/p>\n<p class=\"text\">Eva och Odd har \u00e5kt &#8221;\u00e4nda&#8221; fr\u00e5n Viby i Sollentuna \u2013 och Tage fr\u00e5n \u00c5kersberga.<\/p>\n<p class=\"text\">\u2013 Det h\u00e4r \u00e4r ett j\u00e4ttebra st\u00e4lle, det m\u00e4rks att det \u00e4r ganska nytt, allt \u00e4r fr\u00e4scht. Vi brukar leta efter saker att g\u00f6ra n\u00e4r vi \u00e4r med barnbarnen, s\u00e4ger Odd.<\/p>\n<p><img decoding=\"async\" class=\"Image Image_\" src=\"\" data-aghref=\"http:\/\/www.mitti.se\/image-3.353453.270264.20251227060011.c2967457de\" data-agimagetype=\"hardcrop\" alt=\"Colin Rivelsrud, 3, tar lillebror Melvin i famnen och susar nedf\u00f6r rutschkanan i Bredoria.\"\/><\/p>\n<p class=\"Caption\">Colin Rivelsrud, 3, tar lillebror Melvin i famnen och susar nedf\u00f6r rutschkanan i Bredoria.<\/p>\n<p class=\"Source\">Mikael Andersson<\/p>\n<p>&#8221;Det mesta \u00e4r utomhus&#8221;<\/p>\n<p class=\"text\">\u2013 Man kan kan alltid g\u00e5 ut p\u00e5 J\u00e4rvaf\u00e4ltet och grilla korv. Eller bes\u00f6ka B\u00f6gs g\u00e5rd. Men det mesta \u00e4r utomhus, s\u00e4ger Eva.<\/p>\n<p class=\"text\">Kaf\u00e9et drivs av V\u00e4sbybon och bakningsprofilen Hiba Alogheli.<\/p>\n<p class=\"text\">\u2013 Det har varit fullt upp, s\u00e5 kul. P\u00e5 invigningen var det nog runt 300\u2013400 utspritt \u00f6ver dagen.<\/p>\n<p><img decoding=\"async\" class=\"Image Image_\" src=\"\" data-aghref=\"http:\/\/www.mitti.se\/image-3.353452.270264.20251227060011.45173f63f6\" data-agimagetype=\"hardcrop\" alt=\"Eleonora Hill susar nerf\u00f6r rutschbanan p\u00e5 Bredoria. Colin och Nellie Rivelsrud v\u00e4ntar p\u00e5 sin tur. \"\/><\/p>\n<p class=\"Caption\">Eleonora Hill susar nerf\u00f6r rutschbanan p\u00e5 Bredoria. Colin och Nellie Rivelsrud v\u00e4ntar p\u00e5 sin tur. <\/p>\n<p class=\"Source\">Mikael Andersson<\/p>\n","protected":false},"excerpt":{"rendered":"Bredden I december invigdes den nya, gratis inomhuslekparken i Bredden i Upplands V\u00e4sby. P\u00e5 drygt 300 kvadratmeter \u00f6ppnar&hellip;\n","protected":false},"author":2,"featured_media":118097,"comment_status":"","ping_status":"","sticky":false,"template":"","format":"standard","meta":{"footnotes":""},"categories":[12],"tags":[22,23,26,27,17,21,24,25,28,29,15,16,18,34,31,33,32,30,19,20],"class_list":{"0":"post-118096","1":"post","2":"type-post","3":"status-publish","4":"format-standard","5":"has-post-thumbnail","7":"category-sverige","8":"tag-breaking-news","9":"tag-breakingnews","10":"tag-featured-news","11":"tag-featurednews","12":"tag-headlines","13":"tag-huvudnyheter","14":"tag-latest-news","15":"tag-latestnews","16":"tag-main-news","17":"tag-mainnews","18":"tag-news","19":"tag-nyheter","20":"tag-rubriker","21":"tag-se","22":"tag-svenska","23":"tag-sverige","24":"tag-sweden","25":"tag-swedish","26":"tag-top-stories","27":"tag-topstories"},"share_on_mastodon":{"url":"https:\/\/pubeurope.com\/@se\/115790036644090125","error":""},"_links":{"self":[{"href":"https:\/\/www.europesays.com\/se\/wp-json\/wp\/v2\/posts\/118096","targetHints":{"allow":["GET"]}}],"collection":[{"href":"https:\/\/www.europesays.com\/se\/wp-json\/wp\/v2\/posts"}],"about":[{"href":"https:\/\/www.europesays.com\/se\/wp-json\/wp\/v2\/types\/post"}],"author":[{"embeddable":true,"href":"https:\/\/www.europesays.com\/se\/wp-json\/wp\/v2\/users\/2"}],"replies":[{"embeddable":true,"href":"https:\/\/www.europesays.com\/se\/wp-json\/wp\/v2\/comments?post=118096"}],"version-history":[{"count":0,"href":"https:\/\/www.europesays.com\/se\/wp-json\/wp\/v2\/posts\/118096\/revisions"}],"wp:featuredmedia":[{"embeddable":true,"href":"https:\/\/www.europesays.com\/se\/wp-json\/wp\/v2\/media\/118097"}],"wp:attachment":[{"href":"https:\/\/www.europesays.com\/se\/wp-json\/wp\/v2\/media?parent=118096"}],"wp:term":[{"taxonomy":"category","embeddable":true,"href":"https:\/\/www.europesays.com\/se\/wp-json\/wp\/v2\/categories?post=118096"},{"taxonomy":"post_tag","embeddable":true,"href":"https:\/\/www.europesays.com\/se\/wp-json\/wp\/v2\/tags?post=118096"}],"curies":[{"name":"wp","href":"https:\/\/api.w.org\/{rel}","templated":true}]}}