{"id":11810,"date":"2025-08-23T13:21:19","date_gmt":"2025-08-23T13:21:19","guid":{"rendered":"https:\/\/www.europesays.com\/se\/11810\/"},"modified":"2025-08-23T13:21:19","modified_gmt":"2025-08-23T13:21:19","slug":"utrikesministern-avgar-ville-satta-press-pa-israel","status":"publish","type":"post","link":"https:\/\/www.europesays.com\/se\/11810\/","title":{"rendered":"Utrikesministern avg\u00e5r \u2013 ville s\u00e4tta press p\u00e5 Israel"},"content":{"rendered":"<p>Nederl\u00e4ndernas utrikesminister Caspar Veldkamp avg\u00e5r fr\u00e5n sin post. Anledningen \u00e4r att han inte kunde s\u00e4tta \u00f6kad press p\u00e5 Israel, rapporterar TT. <\/p>\n<p>I juli beslutade regeringen att f\u00f6rklara Israels h\u00f6gerextrema ministrar, finansminister Bezalel Smotrich och s\u00e4kerhetsministern Itamar Ben-Gvir som persona non grata. Veldkamp ville se \u00e4nnu h\u00e5rdare press p\u00e5 Israel och ut\u00f6kade sanktioner, men han kunde inte f\u00e5 med sig resten av regeringen p\u00e5 planerna, d\u00e4rf\u00f6r avg\u00e5r han. <\/p>\n<p>\u2013 Jag k\u00e4nner mig begr\u00e4nsad n\u00e4r det g\u00e4ller att kunna s\u00e4tta den kurs jag bed\u00f6mer \u00e4r n\u00f6dv\u00e4ndig som utrikesminister, sade han n\u00e4r han meddelade sin avg\u00e5ng. <\/p>\n<p>Hans parti, konservativa NSC, drar sig samtidigt ur det redan v\u00e4ldigt sk\u00f6ra regeringssamarbetet.<\/p>\n<p>Omni \u00e4r politiskt obundna och oberoende. Vi str\u00e4var efter att ge fler perspektiv p\u00e5 nyheterna. Har du fr\u00e5gor eller synpunkter kring v\u00e5r rapportering? <a href=\"https:\/\/omni.se\/utrikesministern-avgar-ville-sanktionera-israel\/a\/mailto:redaktion@omni.se\" class=\"ArticleActions_contactLink__W2F1M\" rel=\"nofollow noopener\" target=\"_blank\">Kontakta redaktionen<\/a><\/p>\n","protected":false},"excerpt":{"rendered":"Nederl\u00e4ndernas utrikesminister Caspar Veldkamp avg\u00e5r fr\u00e5n sin post. Anledningen \u00e4r att han inte kunde s\u00e4tta \u00f6kad press p\u00e5&hellip;\n","protected":false},"author":2,"featured_media":11811,"comment_status":"","ping_status":"","sticky":false,"template":"","format":"standard","meta":{"footnotes":""},"categories":[5],"tags":[1627,22,23,267,26,27,17,21,342,1628,24,25,28,29,124,125,1629,15,16,18,34,31,33,32,30,19,20],"class_list":{"0":"post-11810","1":"post","2":"type-post","3":"status-publish","4":"format-standard","5":"has-post-thumbnail","7":"category-rubriker","8":"tag-bezalel-smotrich","9":"tag-breaking-news","10":"tag-breakingnews","11":"tag-europa","12":"tag-featured-news","13":"tag-featurednews","14":"tag-headlines","15":"tag-huvudnyheter","16":"tag-israel","17":"tag-itamar-ben-gvir","18":"tag-latest-news","19":"tag-latestnews","20":"tag-main-news","21":"tag-mainnews","22":"tag-mellanostern","23":"tag-mellanosternkrisen","24":"tag-nederlanderna","25":"tag-news","26":"tag-nyheter","27":"tag-rubriker","28":"tag-se","29":"tag-svenska","30":"tag-sverige","31":"tag-sweden","32":"tag-swedish","33":"tag-top-stories","34":"tag-topstories"},"share_on_mastodon":{"url":"","error":""},"_links":{"self":[{"href":"https:\/\/www.europesays.com\/se\/wp-json\/wp\/v2\/posts\/11810","targetHints":{"allow":["GET"]}}],"collection":[{"href":"https:\/\/www.europesays.com\/se\/wp-json\/wp\/v2\/posts"}],"about":[{"href":"https:\/\/www.europesays.com\/se\/wp-json\/wp\/v2\/types\/post"}],"author":[{"embeddable":true,"href":"https:\/\/www.europesays.com\/se\/wp-json\/wp\/v2\/users\/2"}],"replies":[{"embeddable":true,"href":"https:\/\/www.europesays.com\/se\/wp-json\/wp\/v2\/comments?post=11810"}],"version-history":[{"count":0,"href":"https:\/\/www.europesays.com\/se\/wp-json\/wp\/v2\/posts\/11810\/revisions"}],"wp:featuredmedia":[{"embeddable":true,"href":"https:\/\/www.europesays.com\/se\/wp-json\/wp\/v2\/media\/11811"}],"wp:attachment":[{"href":"https:\/\/www.europesays.com\/se\/wp-json\/wp\/v2\/media?parent=11810"}],"wp:term":[{"taxonomy":"category","embeddable":true,"href":"https:\/\/www.europesays.com\/se\/wp-json\/wp\/v2\/categories?post=11810"},{"taxonomy":"post_tag","embeddable":true,"href":"https:\/\/www.europesays.com\/se\/wp-json\/wp\/v2\/tags?post=11810"}],"curies":[{"name":"wp","href":"https:\/\/api.w.org\/{rel}","templated":true}]}}