{"id":118100,"date":"2025-12-27T06:12:14","date_gmt":"2025-12-27T06:12:14","guid":{"rendered":"https:\/\/www.europesays.com\/se\/118100\/"},"modified":"2025-12-27T06:12:14","modified_gmt":"2025-12-27T06:12:14","slug":"e-types-kusliga-syn-i-stjarnorna-pa-slottet-vad-fan-hande","status":"publish","type":"post","link":"https:\/\/www.europesays.com\/se\/118100\/","title":{"rendered":"E-types kusliga syn i Stj\u00e4rnorna p\u00e5 slottet: Vad fan h\u00e4nde?"},"content":{"rendered":"<p>Publicerad 27 dec 2025 kl 06.30<\/p>\n<p>Martin \u201dE-type\u201d Erikson tittade ut genom slottsf\u00f6nstret.<\/p>\n<p>D\u00e5 s\u00e5g han den:<\/p>\n<p>En spritt spr\u00e5ngande sp\u00f6kh\u00e4st.<\/p>\n<p>Senaste klippen fr\u00e5n Expressen inom n\u00f6je.<img   alt=\"\"\/><\/p>\n<p>Fick \u201dE-Type\u201d till sist se ett sp\u00f6ke?<\/p>\n<p>Foto: SVT<\/p>\n<p>\u00d6ppna bild i helsk\u00e4rm<img loading=\"lazy\"   alt=\"\"\/><\/p>\n<p>Martin Erikson och de andra deltagarna i \u00e5rets \u201dStj\u00e4rnorna p\u00e5 slottet\u201d.<\/p>\n<p>Foto: SVT<\/p>\n<p>\u00d6ppna bild i helsk\u00e4rm<img loading=\"lazy\"   alt=\"\"\/><\/p>\n<p>Teleborgs slott.<\/p>\n<p>Foto: Fredrik Sandberg\/TT<\/p>\n<p>\u00d6ppna bild i helsk\u00e4rm<\/p>\n<p>Under inspelningen av \u201d<a href=\"https:\/\/www.expressen.se\/tagg\/organization\/stjarnorna-pa-slottet\/\" class=\"\" rel=\"nofollow noopener\" target=\"_blank\">Stj\u00e4rnorna p\u00e5 slottet<\/a>\u201d, som har premi\u00e4r p\u00e5 l\u00f6rdagen, p\u00e5 Teleborgs slott i V\u00e4xj\u00f6 i somras satt Martin \u201dE-type\u201d Erikson, 60, och pratade med sk\u00e5despelaren Johan Hedenberg, 71.<\/p>\n<p>\u201dE-type\u201d tittade ut genom ett f\u00f6nster.<\/p>\n<p>\u2013 Jag har alltid hoppats att sp\u00f6ken finns, men nu har de lite br\u00e5ttom \u2013 vad fasen, det har g\u00e5tt m\u00e5nga \u00e5r utan att jag sett n\u00e5got, s\u00e4ger han.<\/p>\n<p>Men nu kan (mar?)dr\u00f6mmen ha g\u00e5tt i uppfyllelse.<\/p>\n<p>\u2013 En h\u00e4st sprang i parken utanf\u00f6r, minns \u201dE-type\u201d.<\/p>\n<p>\u201dTror ju inte p\u00e5 s\u00e5nt&#8230;\u201d<\/p>\n<p>Han reagerade \u00f6ver att en h\u00e4st sprang helt fritt och unders\u00f6kte n\u00e4rmare.<\/p>\n<p>\u2013 D\u00e5 springer den bakom och tr\u00e4d och f\u00f6rsvinner. Jag bara \u201dv\u00e4nta, var det ingen h\u00e4st? Vad fan h\u00e4nde?\u201d<\/p>\n<p>D\u00e5 f\u00f6rklarade n\u00e5gon som jobbat l\u00e4nge p\u00e5 slottet vad som h\u00e4nt.<\/p>\n<p>\u2013 \u201dDet var Brunte, han springer d\u00e4r j\u00e4mt\u201d, \u00e5terber\u00e4ttar Martin Erikson.<\/p>\n<p>Han och Johan Hedenberg gick ut f\u00f6r att titta.<\/p>\n<p>\u2013 D\u00e5 \u00e4r det en stor gravsten d\u00e4r de begravt den h\u00e4r h\u00e4sten. Den tillh\u00f6rde n\u00e5gon kung som dog p\u00e5 1800-talet. D\u00e5 tillh\u00f6rde att ingen ska f\u00e5 rida p\u00e5 hans h\u00e4st, s\u00e5 de sk\u00f6t den.<\/p>\n<p>Och nu undrar \u201dE-type\u201d om Brunte hems\u00f6ker slottet.<\/p>\n<p>\u2013 Och jag tror ju inte p\u00e5 s\u00e5nt d\u00e4r riktigt.<\/p>\n<p>\u201dSj\u00e4lvklart sp\u00f6kar det\u201d<\/p>\n<p>Det \u00e4r inte f\u00f6rsta g\u00e5ngen Teleborgs slott \u00e4r aktuellt i kusliga sammanhang.<\/p>\n<p>F\u00f6r n\u00e5gra \u00e5r sedan ber\u00e4ttade Vibeke Hylt\u00e9n Cavallius, som h\u00e5llit ber\u00e4ttarvandringar i slottsparken, f\u00f6r <a href=\"https:\/\/lokaltidningenvaxjo.se\/nyheter\/sjalvklart-spokar-det-paa-teleborgs-slott\/1139\" rel=\"nofollow noopener\" target=\"_blank\">Lokaltidningen V\u00e4xj\u00f6<\/a>:<\/p>\n<p>\u2013 Sj\u00e4lvklart sp\u00f6kar det p\u00e5 Teleborgs slott och i slottsparken, och det ber\u00e4ttar jag om p\u00e5 mina vandringar. Alla slott med lite sj\u00e4lvaktning har sp\u00f6ken. Sp\u00f6kena vill att allt sk\u00f6ts p\u00e5 r\u00e4tt s\u00e4tt p\u00e5 slottet.<\/p>\n","protected":false},"excerpt":{"rendered":"Publicerad 27 dec 2025 kl 06.30 Martin \u201dE-type\u201d Erikson tittade ut genom slottsf\u00f6nstret. D\u00e5 s\u00e5g han den: En&hellip;\n","protected":false},"author":2,"featured_media":118101,"comment_status":"","ping_status":"","sticky":false,"template":"","format":"standard","meta":{"footnotes":""},"categories":[67],"tags":[104,12652,34,31,33,32,30,310,105],"class_list":{"0":"post-118100","1":"post","2":"type-post","3":"status-publish","4":"format-standard","5":"has-post-thumbnail","7":"category-underhallning","8":"tag-entertainment","9":"tag-organization-stjarnorna-pa-slottet","10":"tag-se","11":"tag-svenska","12":"tag-sverige","13":"tag-sweden","14":"tag-swedish","15":"tag-topic-kandisar","16":"tag-underhallning"},"share_on_mastodon":{"url":"https:\/\/pubeurope.com\/@se\/115790056298162165","error":""},"_links":{"self":[{"href":"https:\/\/www.europesays.com\/se\/wp-json\/wp\/v2\/posts\/118100","targetHints":{"allow":["GET"]}}],"collection":[{"href":"https:\/\/www.europesays.com\/se\/wp-json\/wp\/v2\/posts"}],"about":[{"href":"https:\/\/www.europesays.com\/se\/wp-json\/wp\/v2\/types\/post"}],"author":[{"embeddable":true,"href":"https:\/\/www.europesays.com\/se\/wp-json\/wp\/v2\/users\/2"}],"replies":[{"embeddable":true,"href":"https:\/\/www.europesays.com\/se\/wp-json\/wp\/v2\/comments?post=118100"}],"version-history":[{"count":0,"href":"https:\/\/www.europesays.com\/se\/wp-json\/wp\/v2\/posts\/118100\/revisions"}],"wp:featuredmedia":[{"embeddable":true,"href":"https:\/\/www.europesays.com\/se\/wp-json\/wp\/v2\/media\/118101"}],"wp:attachment":[{"href":"https:\/\/www.europesays.com\/se\/wp-json\/wp\/v2\/media?parent=118100"}],"wp:term":[{"taxonomy":"category","embeddable":true,"href":"https:\/\/www.europesays.com\/se\/wp-json\/wp\/v2\/categories?post=118100"},{"taxonomy":"post_tag","embeddable":true,"href":"https:\/\/www.europesays.com\/se\/wp-json\/wp\/v2\/tags?post=118100"}],"curies":[{"name":"wp","href":"https:\/\/api.w.org\/{rel}","templated":true}]}}