{"id":118106,"date":"2025-12-27T06:18:32","date_gmt":"2025-12-27T06:18:32","guid":{"rendered":"https:\/\/www.europesays.com\/se\/118106\/"},"modified":"2025-12-27T06:18:32","modified_gmt":"2025-12-27T06:18:32","slug":"kvinna-dod-i-trafikolycka-i-borgholm","status":"publish","type":"post","link":"https:\/\/www.europesays.com\/se\/118106\/","title":{"rendered":"Kvinna d\u00f6d i trafikolycka i Borgholm"},"content":{"rendered":"<p>share-arrowDela<\/p>\n<p>unsaveSpara<\/p>\n<p>expand-left<\/p>\n<p>helsk\u00e4rm<img decoding=\"async\" class=\"image-asset hyperion-css-u06ts1\" data-test-tag=\"image-asset\" src=\"https:\/\/www.europesays.com\/se\/wp-content\/uploads\/2025\/12\/453b2d07-4af4-48ec-9fe6-db7d6d835bd6\"  alt=\"Totalt tre personer f\u00f6rdes till sjukhus. Arkivbild.\"  loading=\"eager\" fetchpriority=\"high\" style=\"aspect-ratio:1900 \/ 1246\"\/>Totalt tre personer f\u00f6rdes till sjukhus. Arkivbild. Foto: Christine Olsson\/TT<\/p>\n<p class=\"hyperion-css-1shl3oz\" data-test-tag=\"lead-text\">En kvinna i 80-\u00e5rs\u00e5ldern har avlidit efter en trafikolycka norr om Borgholm p\u00e5 annandag jul, skriver polisen p\u00e5 sin sajt.<\/p>\n<p class=\"hyperion-css-1v9qo5x\">Tv\u00e5 personbilar var inblandade i olyckan som skedde p\u00e5 l\u00e4nsv\u00e4g 136. Larmet kom in strax f\u00f6re klockan 18 p\u00e5 fredagskv\u00e4llen.<\/p>\n<p class=\"hyperion-css-1v9qo5x\">Totalt tre personer f\u00f6rdes till sjukhus.<\/p>\n<p class=\"hyperion-css-1v9qo5x\">Polisen har uppr\u00e4ttat en anm\u00e4lan om v\u00e5rdsl\u00f6shet i trafik.<\/p>\n","protected":false},"excerpt":{"rendered":"share-arrowDela unsaveSpara expand-left helsk\u00e4rmTotalt tre personer f\u00f6rdes till sjukhus. Arkivbild. Foto: Christine Olsson\/TT En kvinna i 80-\u00e5rs\u00e5ldern har&hellip;\n","protected":false},"author":2,"featured_media":118107,"comment_status":"","ping_status":"","sticky":false,"template":"","format":"standard","meta":{"footnotes":""},"categories":[5],"tags":[22,23,26,27,17,21,24,25,28,29,15,16,18,34,31,33,32,30,19,20],"class_list":{"0":"post-118106","1":"post","2":"type-post","3":"status-publish","4":"format-standard","5":"has-post-thumbnail","7":"category-rubriker","8":"tag-breaking-news","9":"tag-breakingnews","10":"tag-featured-news","11":"tag-featurednews","12":"tag-headlines","13":"tag-huvudnyheter","14":"tag-latest-news","15":"tag-latestnews","16":"tag-main-news","17":"tag-mainnews","18":"tag-news","19":"tag-nyheter","20":"tag-rubriker","21":"tag-se","22":"tag-svenska","23":"tag-sverige","24":"tag-sweden","25":"tag-swedish","26":"tag-top-stories","27":"tag-topstories"},"share_on_mastodon":{"url":"https:\/\/pubeurope.com\/@se\/115790080369973601","error":""},"_links":{"self":[{"href":"https:\/\/www.europesays.com\/se\/wp-json\/wp\/v2\/posts\/118106","targetHints":{"allow":["GET"]}}],"collection":[{"href":"https:\/\/www.europesays.com\/se\/wp-json\/wp\/v2\/posts"}],"about":[{"href":"https:\/\/www.europesays.com\/se\/wp-json\/wp\/v2\/types\/post"}],"author":[{"embeddable":true,"href":"https:\/\/www.europesays.com\/se\/wp-json\/wp\/v2\/users\/2"}],"replies":[{"embeddable":true,"href":"https:\/\/www.europesays.com\/se\/wp-json\/wp\/v2\/comments?post=118106"}],"version-history":[{"count":0,"href":"https:\/\/www.europesays.com\/se\/wp-json\/wp\/v2\/posts\/118106\/revisions"}],"wp:featuredmedia":[{"embeddable":true,"href":"https:\/\/www.europesays.com\/se\/wp-json\/wp\/v2\/media\/118107"}],"wp:attachment":[{"href":"https:\/\/www.europesays.com\/se\/wp-json\/wp\/v2\/media?parent=118106"}],"wp:term":[{"taxonomy":"category","embeddable":true,"href":"https:\/\/www.europesays.com\/se\/wp-json\/wp\/v2\/categories?post=118106"},{"taxonomy":"post_tag","embeddable":true,"href":"https:\/\/www.europesays.com\/se\/wp-json\/wp\/v2\/tags?post=118106"}],"curies":[{"name":"wp","href":"https:\/\/api.w.org\/{rel}","templated":true}]}}