{"id":118108,"date":"2025-12-27T06:24:05","date_gmt":"2025-12-27T06:24:05","guid":{"rendered":"https:\/\/www.europesays.com\/se\/118108\/"},"modified":"2025-12-27T06:24:05","modified_gmt":"2025-12-27T06:24:05","slug":"rykten-om-oscar-for-kate-hudson-i-dromroll-noje","status":"publish","type":"post","link":"https:\/\/www.europesays.com\/se\/118108\/","title":{"rendered":"Rykten om Oscar f\u00f6r Kate Hudson i \u201ddr\u00f6mroll\u201d | N\u00f6je"},"content":{"rendered":"<p>Publicerad 25 dec 2025 kl 09.21<\/p>\n<p>Hon har 25 \u00e5r bakom sig i filmbranschen \u2013 men har inte tr\u00f6ttnat. Kate Hudson beskriver sitt arbete som \u201dn\u00e4stan heligt\u201d och tycker att nya filmen \u201dToner av k\u00e4rlek\u201d bj\u00f6d p\u00e5 en dr\u00f6mroll.\u00a0<\/p>\n<p><img   alt=\"\"\/><\/p>\n<p>Kate Hudson och Hugh Jackman.<\/p>\n<p>Foto: INSTAR \/ STELLA PICTURES \/ STELLA PICTURES<\/p>\n<p>\u00d6ppna bild i helsk\u00e4rm<\/p>\n<p>\u00c4ven om hon inte skulle vara lika framg\u00e5ngsrik som hon \u00e4r, skulle Kate Hudson \u00e4nd\u00e5 satsa p\u00e5 en karri\u00e4r som sk\u00e5despelare och s\u00e5ngerska.<\/p>\n<p>\u2013 Redan n\u00e4r jag var elva \u00e5r gammal sade jag att det var det h\u00e4r jag ville, s\u00e4ger hon till TT.<\/p>\n<p>\u2013 Det kanske inte ger dig n\u00e5gon bel\u00f6ning, men du m\u00e5ste g\u00f6ra det, annars kommer det att k\u00e4nnas som om n\u00e5got saknas i ditt liv. S\u00e5 vad som \u00e4n h\u00e4nt i mitt liv, skulle jag ha \u00e4gnat mig \u00e5t det jag g\u00f6r. Det \u00e4r n\u00e4stan heligt f\u00f6r mig, k\u00e4nslan som jag f\u00e5r n\u00e4r jag sjunger.<\/p>\n<p>Sj\u00e4lv slog hon igenom som 19-\u00e5ring i Cameron Crowes \u201dAlmost famous\u201d. Med Goldie Hawn som mamma och Kurt Russell som styvpappa har hon alltid haft sk\u00e5despeleriet n\u00e4ra kroppen.<\/p>\n<p>Framg\u00e5ngsrik duo<\/p>\n<p>Nu \u00e4r hon bioaktuell i \u201dToner av k\u00e4rlek\u201d, ett verklighetsbaserat drama om hur de tv\u00e5 s\u00e5ngarna Mike (Hugh Jackman) och Claire slog sig ihop och bildade den framg\u00e5ngsrika duon Thunder &amp; Lightning, som sj\u00f6ng Neil Diamond-l\u00e5tar.<\/p>\n<p>\u2013 Det h\u00e4r var en verklig dr\u00f6mroll f\u00f6r mig. Att f\u00e5 ta hand om de h\u00e4r tv\u00e5 personernas liv, att f\u00e5 vara en del av det p\u00e5 det h\u00e4r s\u00e4ttet. Filmen gjorde ocks\u00e5 att jag f\u00f6rstod Neils musik p\u00e5 det annat s\u00e4tt. Jag hade inte insett tidigare hur profilerad han har varit som l\u00e5tskrivare.<\/p>\n<p>Kate Hudsons insats i filmen har hyllats och hennes namn finns med p\u00e5 branschtidningen Varietys lista \u00f6ver de kvinnor som har st\u00f6rst chans att bli Oscarsnominerade. Samtidigt g\u00e5r hennes tv-serie \u201dRunning point\u201d mycket bra.<\/p>\n<p>Stj\u00e4rnorna ser p\u00e5<\/p>\n<p>\u2013 Ja, det k\u00e4nns som om stj\u00e4rnorna ser p\u00e5 mig med v\u00e4lvilja just nu. Jag b\u00f6rjade i branschen n\u00e4r jag var 19, nu \u00e4r det 25 \u00e5r senare och jag h\u00e5ller fortfarande p\u00e5. Jag m\u00e5ste ha gjort n\u00e5gonting bra i ett tidigare liv.<\/p>\n<p>Mike \u00e4r d\u00f6d, men Claire lever och levererade gener\u00f6st med anekdoter om sitt liv n\u00e4r hon bes\u00f6kte inspelningen. Och regiss\u00f6ren Craig Brewer, som ocks\u00e5 har skrivit manuset, s\u00e4ger till TT att man sj\u00e4lvfallet fick Neil Diamonds godk\u00e4nnande.<\/p>\n<p>\u2013 Det var helt n\u00f6dv\u00e4ndigt. Utan det hade det inte blivit n\u00e5gon film. Han var mycket gener\u00f6s och l\u00e4t oss anv\u00e4nda alla de l\u00e5tar vi ville ha med.<\/p>\n","protected":false},"excerpt":{"rendered":"Publicerad 25 dec 2025 kl 09.21 Hon har 25 \u00e5r bakom sig i filmbranschen \u2013 men har inte&hellip;\n","protected":false},"author":2,"featured_media":118109,"comment_status":"","ping_status":"","sticky":false,"template":"","format":"standard","meta":{"footnotes":""},"categories":[67],"tags":[104,34,31,33,32,30,105],"class_list":{"0":"post-118108","1":"post","2":"type-post","3":"status-publish","4":"format-standard","5":"has-post-thumbnail","7":"category-underhallning","8":"tag-entertainment","9":"tag-se","10":"tag-svenska","11":"tag-sverige","12":"tag-sweden","13":"tag-swedish","14":"tag-underhallning"},"share_on_mastodon":{"url":"https:\/\/pubeurope.com\/@se\/115790103364841742","error":""},"_links":{"self":[{"href":"https:\/\/www.europesays.com\/se\/wp-json\/wp\/v2\/posts\/118108","targetHints":{"allow":["GET"]}}],"collection":[{"href":"https:\/\/www.europesays.com\/se\/wp-json\/wp\/v2\/posts"}],"about":[{"href":"https:\/\/www.europesays.com\/se\/wp-json\/wp\/v2\/types\/post"}],"author":[{"embeddable":true,"href":"https:\/\/www.europesays.com\/se\/wp-json\/wp\/v2\/users\/2"}],"replies":[{"embeddable":true,"href":"https:\/\/www.europesays.com\/se\/wp-json\/wp\/v2\/comments?post=118108"}],"version-history":[{"count":0,"href":"https:\/\/www.europesays.com\/se\/wp-json\/wp\/v2\/posts\/118108\/revisions"}],"wp:featuredmedia":[{"embeddable":true,"href":"https:\/\/www.europesays.com\/se\/wp-json\/wp\/v2\/media\/118109"}],"wp:attachment":[{"href":"https:\/\/www.europesays.com\/se\/wp-json\/wp\/v2\/media?parent=118108"}],"wp:term":[{"taxonomy":"category","embeddable":true,"href":"https:\/\/www.europesays.com\/se\/wp-json\/wp\/v2\/categories?post=118108"},{"taxonomy":"post_tag","embeddable":true,"href":"https:\/\/www.europesays.com\/se\/wp-json\/wp\/v2\/tags?post=118108"}],"curies":[{"name":"wp","href":"https:\/\/api.w.org\/{rel}","templated":true}]}}