{"id":118116,"date":"2025-12-27T06:34:15","date_gmt":"2025-12-27T06:34:15","guid":{"rendered":"https:\/\/www.europesays.com\/se\/118116\/"},"modified":"2025-12-27T06:34:15","modified_gmt":"2025-12-27T06:34:15","slug":"julia-westberg-sjong-pa-gutamal-i-visby","status":"publish","type":"post","link":"https:\/\/www.europesays.com\/se\/118116\/","title":{"rendered":"Julia Westberg sj\u00f6ng p\u00e5 gutam\u00e5l i Visby"},"content":{"rendered":"<p>Du&amp;JagUnder programmet Luciamorgon, inspelat i Visby, sj\u00f6ng Julia tre s\u00e5nger, ackompanjerad p\u00e5 gitarr av v\u00e4nnen Erik Ronstr\u00f6m.Den egna visan \u201dV\u00e4lkommen med ljuset\u201d, \u201dDet \u00e4r en ros utsprungen\u201d och s\u00e5 den s\u00e5ng som blivit allra mest hyllad, \u201dGl\u00e4ns \u00f6ver sj\u00f6 och strand\u201d, som Julia tillsammans med Bosse Carlgren \u00f6versatt till gutam\u00e5l.En m\u00e4ktig uppvisning i s\u00e5ngteknik och k\u00e4<\/p>\n","protected":false},"excerpt":{"rendered":"Du&amp;JagUnder programmet Luciamorgon, inspelat i Visby, sj\u00f6ng Julia tre s\u00e5nger, ackompanjerad p\u00e5 gitarr av v\u00e4nnen Erik Ronstr\u00f6m.Den egna&hellip;\n","protected":false},"author":2,"featured_media":118117,"comment_status":"","ping_status":"","sticky":false,"template":"","format":"standard","meta":{"footnotes":""},"categories":[67],"tags":[104,34,31,33,32,30,105],"class_list":{"0":"post-118116","1":"post","2":"type-post","3":"status-publish","4":"format-standard","5":"has-post-thumbnail","7":"category-underhallning","8":"tag-entertainment","9":"tag-se","10":"tag-svenska","11":"tag-sverige","12":"tag-sweden","13":"tag-swedish","14":"tag-underhallning"},"share_on_mastodon":{"url":"https:\/\/pubeurope.com\/@se\/115790142691523152","error":""},"_links":{"self":[{"href":"https:\/\/www.europesays.com\/se\/wp-json\/wp\/v2\/posts\/118116","targetHints":{"allow":["GET"]}}],"collection":[{"href":"https:\/\/www.europesays.com\/se\/wp-json\/wp\/v2\/posts"}],"about":[{"href":"https:\/\/www.europesays.com\/se\/wp-json\/wp\/v2\/types\/post"}],"author":[{"embeddable":true,"href":"https:\/\/www.europesays.com\/se\/wp-json\/wp\/v2\/users\/2"}],"replies":[{"embeddable":true,"href":"https:\/\/www.europesays.com\/se\/wp-json\/wp\/v2\/comments?post=118116"}],"version-history":[{"count":0,"href":"https:\/\/www.europesays.com\/se\/wp-json\/wp\/v2\/posts\/118116\/revisions"}],"wp:featuredmedia":[{"embeddable":true,"href":"https:\/\/www.europesays.com\/se\/wp-json\/wp\/v2\/media\/118117"}],"wp:attachment":[{"href":"https:\/\/www.europesays.com\/se\/wp-json\/wp\/v2\/media?parent=118116"}],"wp:term":[{"taxonomy":"category","embeddable":true,"href":"https:\/\/www.europesays.com\/se\/wp-json\/wp\/v2\/categories?post=118116"},{"taxonomy":"post_tag","embeddable":true,"href":"https:\/\/www.europesays.com\/se\/wp-json\/wp\/v2\/tags?post=118116"}],"curies":[{"name":"wp","href":"https:\/\/api.w.org\/{rel}","templated":true}]}}