{"id":118122,"date":"2025-12-27T06:47:06","date_gmt":"2025-12-27T06:47:06","guid":{"rendered":"https:\/\/www.europesays.com\/se\/118122\/"},"modified":"2025-12-27T06:47:06","modified_gmt":"2025-12-27T06:47:06","slug":"the-cures-gitarrist-ar-dod-3","status":"publish","type":"post","link":"https:\/\/www.europesays.com\/se\/118122\/","title":{"rendered":"The Cures gitarrist \u00e4r d\u00f6d"},"content":{"rendered":"<p>\u201dTystl\u00e5ten, intensiv, intuitiv, p\u00e5litlig och oerh\u00f6rt kreativ \u2013 \u2019Teddy\u2019 var en varm och livsviktig del av The Cures historia\u201d, st\u00e5r det i uttalandet.<\/p>\n<p>Perry Bamonte f\u00f6ddes i London 1960 och b\u00f6rjade f\u00f6lja med The Cure och Depeche Mode p\u00e5 turn\u00e9 1984, d\u00e5 hans yngre bror Daryl jobbade som turn\u00e9ledare. N\u00e4r keyboardspelaren Roger O&#8217;Donnell l\u00e4mnade The Cure 1990 fick Bamonte, som hoppat in ett tag, bli fullv\u00e4rdig medlem av bandet.<\/p>\n","protected":false},"excerpt":{"rendered":"\u201dTystl\u00e5ten, intensiv, intuitiv, p\u00e5litlig och oerh\u00f6rt kreativ \u2013 \u2019Teddy\u2019 var en varm och livsviktig del av The Cures&hellip;\n","protected":false},"author":2,"featured_media":118123,"comment_status":"","ping_status":"","sticky":false,"template":"","format":"standard","meta":{"footnotes":""},"categories":[67],"tags":[104,34,31,33,32,30,105],"class_list":{"0":"post-118122","1":"post","2":"type-post","3":"status-publish","4":"format-standard","5":"has-post-thumbnail","7":"category-underhallning","8":"tag-entertainment","9":"tag-se","10":"tag-svenska","11":"tag-sverige","12":"tag-sweden","13":"tag-swedish","14":"tag-underhallning"},"share_on_mastodon":{"url":"https:\/\/pubeurope.com\/@se\/115790193850155506","error":""},"_links":{"self":[{"href":"https:\/\/www.europesays.com\/se\/wp-json\/wp\/v2\/posts\/118122","targetHints":{"allow":["GET"]}}],"collection":[{"href":"https:\/\/www.europesays.com\/se\/wp-json\/wp\/v2\/posts"}],"about":[{"href":"https:\/\/www.europesays.com\/se\/wp-json\/wp\/v2\/types\/post"}],"author":[{"embeddable":true,"href":"https:\/\/www.europesays.com\/se\/wp-json\/wp\/v2\/users\/2"}],"replies":[{"embeddable":true,"href":"https:\/\/www.europesays.com\/se\/wp-json\/wp\/v2\/comments?post=118122"}],"version-history":[{"count":0,"href":"https:\/\/www.europesays.com\/se\/wp-json\/wp\/v2\/posts\/118122\/revisions"}],"wp:featuredmedia":[{"embeddable":true,"href":"https:\/\/www.europesays.com\/se\/wp-json\/wp\/v2\/media\/118123"}],"wp:attachment":[{"href":"https:\/\/www.europesays.com\/se\/wp-json\/wp\/v2\/media?parent=118122"}],"wp:term":[{"taxonomy":"category","embeddable":true,"href":"https:\/\/www.europesays.com\/se\/wp-json\/wp\/v2\/categories?post=118122"},{"taxonomy":"post_tag","embeddable":true,"href":"https:\/\/www.europesays.com\/se\/wp-json\/wp\/v2\/tags?post=118122"}],"curies":[{"name":"wp","href":"https:\/\/api.w.org\/{rel}","templated":true}]}}