{"id":118126,"date":"2025-12-27T06:55:29","date_gmt":"2025-12-27T06:55:29","guid":{"rendered":"https:\/\/www.europesays.com\/se\/118126\/"},"modified":"2025-12-27T06:55:29","modified_gmt":"2025-12-27T06:55:29","slug":"sandra-estberg-tog-sig-an-den-stentuffa-utmaningen-och-fick-balans-i-livet","status":"publish","type":"post","link":"https:\/\/www.europesays.com\/se\/118126\/","title":{"rendered":"Sandra Estberg tog sig an den stentuffa utmaningen \u2013 och fick balans i livet"},"content":{"rendered":"<p>Sandra Estberg efter att ha genomf\u00f6rt 16 Weeks Of Hell \u2013 Here we go again. Foto: Privat<\/p>\n<p><strong>Hon har redan gjort 16 Weeks Of Hell en g\u00e5ng. \u00c4nd\u00e5 valde Sandra Estberg, s\u00e5ngerska i Martinez, att kliva in i forts\u00e4ttningsprogrammet \u201dHere we go again\u201d \u2013 ett \u00e4nnu tuffare uppl\u00e4gg, anpassat f\u00f6r dem som redan g\u00e5tt i m\u00e5l en g\u00e5ng tidigare. N\u00e4r Sandra nu summerar sina 16 veckor \u00e4r det inte snabbast m\u00f6jliga resultat som st\u00e5r i centrum.<\/strong><\/p>\n<p>\u2013 N\u00e4r jag tittar tillbaka p\u00e5 de h\u00e4r veckorna \u00e4r det framf\u00f6r allt balansen mellan tr\u00e4ning och resten av livet som varit i fokus, s\u00e4ger hon.<\/p>\n<p>J\u00e4mf\u00f6rt med f\u00f6rsta g\u00e5ngen har resan sett annorlunda ut.<\/p>\n<p>\u2013 Jag \u00e4r s\u00e5klart otroligt stolt \u00f6ver resultaten, \u00e4ven om de har tagit lite mer tid den h\u00e4r g\u00e5ngen \u00e4n f\u00f6rra h\u00f6sten n\u00e4r jag k\u00f6rde originalprogrammet.<\/p>\n<p>Och resultaten finns d\u00e4r.<\/p>\n<p>\u2013 Jag har tappat n\u00e4rmare sju kilo och minskat midjem\u00e5ttet med tio centimeter. Det har g\u00e5tt l\u00e5ngsammare, men med balansen i fokus k\u00e4nns det bara bra. Rom byggdes inte p\u00e5 en dag \u2013 och en livsstilsf\u00f6r\u00e4ndring f\u00e5r ta tid.<\/p>\n<p>Mentalt har resan varit minst lika viktig som den fysiska.<\/p>\n<p>\u2013 Jag har slutat ha d\u00e5ligt samvete de tillf\u00e4llen jag inte hunnit med exakt allt jag t\u00e4nkt. Ist\u00e4llet har jag v\u00e4nt p\u00e5 tankes\u00e4ttet och varit stolt och n\u00f6jd med det jag faktiskt hunnit med.<\/p>\n<p>Det \u00e4r ett perspektiv som blev avg\u00f6rande f\u00f6r Sandra i ett liv d\u00e4r turn\u00e9er, familjeliv och vardag ska rymmas samtidigt.<\/p>\n<p>Kost p\u00e5 turn\u00e9 \u2013 utan matl\u00e5dor<\/p>\n<p>Den h\u00e4r g\u00e5ngen valde Sandra ocks\u00e5 ett nytt grepp kring kosten.<\/p>\n<p>\u2013 Jag tog ett aktivt beslut att inte ta med matl\u00e5dor p\u00e5 turn\u00e9. Ist\u00e4llet har jag l\u00e4rt mig vad jag kan \u00e4ta och vad jag b\u00f6r undvika.<\/p>\n<p>\u2013 Det g\u00e5r alltid att hitta bra alternativ ute om man t\u00e4nker utanf\u00f6r boxen och \u00e4r lite p\u00e5hittig. Allt detta \u00e4r f\u00f6r att livsstilen ska fungera \u00e4ven efter programmets slut.<\/p>\n<p>F\u00f6r att f\u00e5 logistiken p\u00e5 hemmaplan att fungera har hemmatr\u00e4ning varit grunden.<\/p>\n<p>\u2013 Jag har till st\u00f6rsta del valt hemmagymsvarianten. Ibland har jag varit p\u00e5 gymmet ocks\u00e5 \u2013 och det \u00e4r fortfarande med skr\u00e4ckblandad f\u00f6rtjusning, skrattar hon. Det \u00e4r lite l\u00e4skigt, men jag har vant mig ganska bra \u00e4nd\u00e5.<\/p>\n<p>Sm\u00e4rta, anpassning och envishet<\/p>\n<p>Resan har dock inte varit helt friktionsfri. Under programmets g\u00e5ng har Sandra haft problem med ischiasnerven.<\/p>\n<p>\u2013 Det \u00e4r nervsm\u00e4rtor, och det n\u00e4rmaste jag kan beskriva k\u00e4nslan \u00e4r som tandv\u00e4rk \u2013 fast i benet. Sm\u00e4rtan har str\u00e5lat \u00e4nda ner i skenbenet.<\/p>\n<p><a href=\"https:\/\/www.rodakorset.se\/\" rel=\"nofollow noopener\" target=\"_blank\"><img loading=\"lazy\" decoding=\"async\" width=\"1024\" height=\"682\" src=\"https:\/\/www.europesays.com\/se\/wp-content\/uploads\/2025\/09\/Skarmavbild-2023-08-19-kl.-14.24.51-1-1024x682.jpg\" alt=\"\" class=\"wp-image-877\"  \/><\/a>R\u00f6da Korset<\/p>\n<p><a href=\"https:\/\/www.dansbandsnytt.se\/annonsera-hos-dansbandsnytt\/\" rel=\"nofollow noopener\" target=\"_blank\"><img loading=\"lazy\" decoding=\"async\" width=\"1024\" height=\"683\" src=\"https:\/\/www.europesays.com\/se\/wp-content\/uploads\/2025\/09\/8DA2C999-8CCD-4E44-B2E2-E70B34E91597-1024x683.jpeg\" alt=\"\" class=\"wp-image-2044\"  \/><\/a><\/p>\n<p>Hon har f\u00e5tt anpassa tr\u00e4ningen, jobba med stretch och ibland s\u00f6ka lindring p\u00e5 massageb\u00e4nken.<\/p>\n<p>\u2013 Just nu \u00e4r det b\u00e4ttre, men jag har verkligen f\u00e5tt lyssna p\u00e5 kroppen.<\/p>\n<p>De sista veckorna har ocks\u00e5 pr\u00e4glats av stress \u2013 av det mer vardagliga slaget.<\/p>\n<p>\u2013 Jag har k\u00f6pt ett radhus p\u00e5 \u00c5land och renoverat ytskikten inf\u00f6r inflyttning som sker nu. Att kombinera jobb, barn, renovering och tr\u00e4ning har inte alltid varit den l\u00e4ttaste ekvationen.<\/p>\n<p>\u00c4nd\u00e5 summerar hon perioden med stolthet.<\/p>\n<p>\u2013 Det har g\u00e5tt b\u00e4ttre \u00e4n jag trodde.<\/p>\n<p>L\u00e4rdomarna som b\u00e4r vidare<\/p>\n<p>N\u00e4r Sandra ser tillbaka \u00e4r insikterna tydliga.<\/p>\n<p>\u2013 Jag tar med mig att fokusera p\u00e5 det jag hunnit med och vara n\u00f6jd med det. Och att man klarar mer \u00e4n man tror. Planering \u00e4r A och O.<\/p>\n<p>Fram\u00e5t \u00e4r riktningen klar.<\/p>\n<p>\u2013 Jag kommer forts\u00e4tta med kosth\u00e5llningen och planera \u00e4ven n\u00e4r jag unnar mig n\u00e5got extra. Powerwalks och tr\u00e4ning blir kvar, men med en balans som fungerar i mitt liv. Lite \u00e4r b\u00e4ttre \u00e4n inget alls.<\/p>\n<p>Och effekten av de 16 veckorna m\u00e4rks l\u00e5ngt utanf\u00f6r tr\u00e4ningspassen.<\/p>\n<p>\u2013 Jag tror faktiskt inte att jag hade orkat med turn\u00e9livet, extrajobb som l\u00e4rare, husrenovering och att vara ensamst\u00e5ende mamma om det inte varit f\u00f6r den form jag \u00e4r i nu \u2013 tack vare 16 Weeks Of Hell.<\/p>\n<p>Sandra Estberg gick inte bara i m\u00e5l \u00e4nnu en g\u00e5ng. Hon gjorde det p\u00e5 sitt eget s\u00e4tt \u2013 med balans som ledstj\u00e4rna.<\/p>\n<p>\/NIKLAS LINDH (TEXT)<\/p>\n","protected":false},"excerpt":{"rendered":"Sandra Estberg efter att ha genomf\u00f6rt 16 Weeks Of Hell \u2013 Here we go again. Foto: Privat Hon&hellip;\n","protected":false},"author":2,"featured_media":118127,"comment_status":"","ping_status":"","sticky":false,"template":"","format":"standard","meta":{"footnotes":""},"categories":[67],"tags":[104,34,31,33,32,30,105],"class_list":{"0":"post-118126","1":"post","2":"type-post","3":"status-publish","4":"format-standard","5":"has-post-thumbnail","7":"category-underhallning","8":"tag-entertainment","9":"tag-se","10":"tag-svenska","11":"tag-sverige","12":"tag-sweden","13":"tag-swedish","14":"tag-underhallning"},"share_on_mastodon":{"url":"https:\/\/pubeurope.com\/@se\/115790225526218029","error":""},"_links":{"self":[{"href":"https:\/\/www.europesays.com\/se\/wp-json\/wp\/v2\/posts\/118126","targetHints":{"allow":["GET"]}}],"collection":[{"href":"https:\/\/www.europesays.com\/se\/wp-json\/wp\/v2\/posts"}],"about":[{"href":"https:\/\/www.europesays.com\/se\/wp-json\/wp\/v2\/types\/post"}],"author":[{"embeddable":true,"href":"https:\/\/www.europesays.com\/se\/wp-json\/wp\/v2\/users\/2"}],"replies":[{"embeddable":true,"href":"https:\/\/www.europesays.com\/se\/wp-json\/wp\/v2\/comments?post=118126"}],"version-history":[{"count":0,"href":"https:\/\/www.europesays.com\/se\/wp-json\/wp\/v2\/posts\/118126\/revisions"}],"wp:featuredmedia":[{"embeddable":true,"href":"https:\/\/www.europesays.com\/se\/wp-json\/wp\/v2\/media\/118127"}],"wp:attachment":[{"href":"https:\/\/www.europesays.com\/se\/wp-json\/wp\/v2\/media?parent=118126"}],"wp:term":[{"taxonomy":"category","embeddable":true,"href":"https:\/\/www.europesays.com\/se\/wp-json\/wp\/v2\/categories?post=118126"},{"taxonomy":"post_tag","embeddable":true,"href":"https:\/\/www.europesays.com\/se\/wp-json\/wp\/v2\/tags?post=118126"}],"curies":[{"name":"wp","href":"https:\/\/api.w.org\/{rel}","templated":true}]}}