{"id":118155,"date":"2025-12-27T07:35:09","date_gmt":"2025-12-27T07:35:09","guid":{"rendered":"https:\/\/www.europesays.com\/se\/118155\/"},"modified":"2025-12-27T07:35:09","modified_gmt":"2025-12-27T07:35:09","slug":"nara-halften-vill-se-forbud-mot-burka-och-niqab","status":"publish","type":"post","link":"https:\/\/www.europesays.com\/se\/118155\/","title":{"rendered":"N\u00e4ra h\u00e4lften vill se f\u00f6rbud mot burka och niqab"},"content":{"rendered":"<p>share-arrowDela<\/p>\n<p>unsaveSpara<\/p>\n<p>expand-left<\/p>\n<p>helsk\u00e4rm<img decoding=\"async\" class=\"image-asset hyperion-css-u06ts1\" data-test-tag=\"image-asset\" src=\"https:\/\/www.europesays.com\/se\/wp-content\/uploads\/2025\/12\/1e35147b-2970-4f61-9352-687485beb5d2\"  alt=\"Danska kvinnor vid en protest n\u00e4r landet inf\u00f6rde f\u00f6rbud mot burka och niqab p\u00e5 offentliga platser 2018. N\u00e4stan h\u00e4lften av svenskarna \u00e4r f\u00f6r ett liknade f\u00f6rbud.\"  loading=\"eager\" fetchpriority=\"high\" style=\"aspect-ratio:1900 \/ 1265\"\/>Danska kvinnor vid en protest n\u00e4r landet inf\u00f6rde f\u00f6rbud mot burka och niqab p\u00e5 offentliga platser 2018. N\u00e4stan h\u00e4lften av svenskarna \u00e4r f\u00f6r ett liknade f\u00f6rbud. Foto: Mads Claus Rasmussen\/AP\/TT<\/p>\n<p class=\"hyperion-css-1shl3oz\" data-test-tag=\"lead-text\">N\u00e4stan h\u00e4lften av svenskarna \u00e4r f\u00f6r ett f\u00f6rbud mot helt\u00e4ckande sl\u00f6jor p\u00e5 offentlig plats, enligt en unders\u00f6kning fr\u00e5n SVT\/Verian.<\/p>\n<p class=\"hyperion-css-1v9qo5x\">47 procent av de som svarat \u00e4r f\u00f6r ett f\u00f6rbud, medan 36 procent \u00e4r emot och 17 procent vet inte.<\/p>\n<p class=\"hyperion-css-1v9qo5x\">Unders\u00f6kningen visar att det finns stor skillnad mellan de politiska blocken. 77 procent av Tid\u00f6partiernas v\u00e4ljare vill se ett f\u00f6rbud, medan bara 22 procent av oppositionens v\u00e4ljare st\u00e4ller sig positiva.<\/p>\n<p class=\"hyperion-css-1v9qo5x\">Unders\u00f6kningen genomf\u00f6rdes med hj\u00e4lp av omkring 1\u00a0000 webbintervjuer med slumpm\u00e4ssigt utvalda personer i \u00e5ldern 18-84 \u00e5r.<\/p>\n","protected":false},"excerpt":{"rendered":"share-arrowDela unsaveSpara expand-left helsk\u00e4rmDanska kvinnor vid en protest n\u00e4r landet inf\u00f6rde f\u00f6rbud mot burka och niqab p\u00e5 offentliga&hellip;\n","protected":false},"author":2,"featured_media":118156,"comment_status":"","ping_status":"","sticky":false,"template":"","format":"standard","meta":{"footnotes":""},"categories":[12],"tags":[22,23,26,27,17,21,24,25,28,29,15,16,18,34,31,33,32,30,19,20],"class_list":{"0":"post-118155","1":"post","2":"type-post","3":"status-publish","4":"format-standard","5":"has-post-thumbnail","7":"category-sverige","8":"tag-breaking-news","9":"tag-breakingnews","10":"tag-featured-news","11":"tag-featurednews","12":"tag-headlines","13":"tag-huvudnyheter","14":"tag-latest-news","15":"tag-latestnews","16":"tag-main-news","17":"tag-mainnews","18":"tag-news","19":"tag-nyheter","20":"tag-rubriker","21":"tag-se","22":"tag-svenska","23":"tag-sverige","24":"tag-sweden","25":"tag-swedish","26":"tag-top-stories","27":"tag-topstories"},"share_on_mastodon":{"url":"https:\/\/pubeurope.com\/@se\/115790382765720850","error":""},"_links":{"self":[{"href":"https:\/\/www.europesays.com\/se\/wp-json\/wp\/v2\/posts\/118155","targetHints":{"allow":["GET"]}}],"collection":[{"href":"https:\/\/www.europesays.com\/se\/wp-json\/wp\/v2\/posts"}],"about":[{"href":"https:\/\/www.europesays.com\/se\/wp-json\/wp\/v2\/types\/post"}],"author":[{"embeddable":true,"href":"https:\/\/www.europesays.com\/se\/wp-json\/wp\/v2\/users\/2"}],"replies":[{"embeddable":true,"href":"https:\/\/www.europesays.com\/se\/wp-json\/wp\/v2\/comments?post=118155"}],"version-history":[{"count":0,"href":"https:\/\/www.europesays.com\/se\/wp-json\/wp\/v2\/posts\/118155\/revisions"}],"wp:featuredmedia":[{"embeddable":true,"href":"https:\/\/www.europesays.com\/se\/wp-json\/wp\/v2\/media\/118156"}],"wp:attachment":[{"href":"https:\/\/www.europesays.com\/se\/wp-json\/wp\/v2\/media?parent=118155"}],"wp:term":[{"taxonomy":"category","embeddable":true,"href":"https:\/\/www.europesays.com\/se\/wp-json\/wp\/v2\/categories?post=118155"},{"taxonomy":"post_tag","embeddable":true,"href":"https:\/\/www.europesays.com\/se\/wp-json\/wp\/v2\/tags?post=118155"}],"curies":[{"name":"wp","href":"https:\/\/api.w.org\/{rel}","templated":true}]}}