{"id":11816,"date":"2025-08-23T13:29:13","date_gmt":"2025-08-23T13:29:13","guid":{"rendered":"https:\/\/www.europesays.com\/se\/11816\/"},"modified":"2025-08-23T13:29:13","modified_gmt":"2025-08-23T13:29:13","slug":"efter-skandalen-backhopparna-stangs-av-i-tre-manader","status":"publish","type":"post","link":"https:\/\/www.europesays.com\/se\/11816\/","title":{"rendered":"Efter skandalen \u2013 backhopparna st\u00e4ngs av i tre m\u00e5nader"},"content":{"rendered":"<p>De norska backhopparna Marius Lindvik och Johann Forfang har st\u00e4ngts av i tre m\u00e5nader efter avsl\u00f6jandet om att de t\u00e4vlade i manipulerade dr\u00e4kter under skid-VM. Det rapporterar TT. <\/p>\n<p>Lindvik och Forfang menar sj\u00e4lva att de inte visste att dr\u00e4kterna var manipulerade, men trots det accepterar de avst\u00e4ngningen. Enligt internationella skidf\u00f6rbundet, FIS, har ut\u00f6varen ett visst eget ansvar \u00f6ver sin utrustning. <\/p>\n<p>Fusket blev en stor skandal i Norge och backhoppstr\u00e4naren Magnus Brevig erk\u00e4nde att han medvetet fuskade. Det slutade med att Brevig fick sparken och att ordf\u00f6randen f\u00f6r backhoppningskommitt\u00e9n, Stine Korsen, avgick. <\/p>\n<p>Omni \u00e4r politiskt obundna och oberoende. Vi str\u00e4var efter att ge fler perspektiv p\u00e5 nyheterna. Har du fr\u00e5gor eller synpunkter kring v\u00e5r rapportering? <a href=\"https:\/\/omni.se\/efter-skandalen-backhopparna-stangs-av-i-tre-manader\/a\/mailto:redaktion@omni.se\" class=\"ArticleActions_contactLink__W2F1M\" rel=\"nofollow noopener\" target=\"_blank\">Kontakta redaktionen<\/a><\/p>\n","protected":false},"excerpt":{"rendered":"De norska backhopparna Marius Lindvik och Johann Forfang har st\u00e4ngts av i tre m\u00e5nader efter avsl\u00f6jandet om att&hellip;\n","protected":false},"author":2,"featured_media":11817,"comment_status":"","ping_status":"","sticky":false,"template":"","format":"standard","meta":{"footnotes":""},"categories":[5],"tags":[1631,22,23,1149,26,27,17,21,24,25,28,29,15,16,18,34,1630,111,31,33,32,30,19,20],"class_list":{"0":"post-11816","1":"post","2":"type-post","3":"status-publish","4":"format-standard","5":"has-post-thumbnail","7":"category-rubriker","8":"tag-backhoppning","9":"tag-breaking-news","10":"tag-breakingnews","11":"tag-faktaruta-omni","12":"tag-featured-news","13":"tag-featurednews","14":"tag-headlines","15":"tag-huvudnyheter","16":"tag-latest-news","17":"tag-latestnews","18":"tag-main-news","19":"tag-mainnews","20":"tag-news","21":"tag-nyheter","22":"tag-rubriker","23":"tag-se","24":"tag-skid-vm","25":"tag-sport","26":"tag-svenska","27":"tag-sverige","28":"tag-sweden","29":"tag-swedish","30":"tag-top-stories","31":"tag-topstories"},"share_on_mastodon":{"url":"","error":""},"_links":{"self":[{"href":"https:\/\/www.europesays.com\/se\/wp-json\/wp\/v2\/posts\/11816","targetHints":{"allow":["GET"]}}],"collection":[{"href":"https:\/\/www.europesays.com\/se\/wp-json\/wp\/v2\/posts"}],"about":[{"href":"https:\/\/www.europesays.com\/se\/wp-json\/wp\/v2\/types\/post"}],"author":[{"embeddable":true,"href":"https:\/\/www.europesays.com\/se\/wp-json\/wp\/v2\/users\/2"}],"replies":[{"embeddable":true,"href":"https:\/\/www.europesays.com\/se\/wp-json\/wp\/v2\/comments?post=11816"}],"version-history":[{"count":0,"href":"https:\/\/www.europesays.com\/se\/wp-json\/wp\/v2\/posts\/11816\/revisions"}],"wp:featuredmedia":[{"embeddable":true,"href":"https:\/\/www.europesays.com\/se\/wp-json\/wp\/v2\/media\/11817"}],"wp:attachment":[{"href":"https:\/\/www.europesays.com\/se\/wp-json\/wp\/v2\/media?parent=11816"}],"wp:term":[{"taxonomy":"category","embeddable":true,"href":"https:\/\/www.europesays.com\/se\/wp-json\/wp\/v2\/categories?post=11816"},{"taxonomy":"post_tag","embeddable":true,"href":"https:\/\/www.europesays.com\/se\/wp-json\/wp\/v2\/tags?post=11816"}],"curies":[{"name":"wp","href":"https:\/\/api.w.org\/{rel}","templated":true}]}}