{"id":118161,"date":"2025-12-27T07:45:21","date_gmt":"2025-12-27T07:45:21","guid":{"rendered":"https:\/\/www.europesays.com\/se\/118161\/"},"modified":"2025-12-27T07:45:21","modified_gmt":"2025-12-27T07:45:21","slug":"betraktar-oss-som-koloni-arbetet","status":"publish","type":"post","link":"https:\/\/www.europesays.com\/se\/118161\/","title":{"rendered":"\u201dBetraktar oss som koloni\u201d \u2013 Arbetet"},"content":{"rendered":"<p>Det beh\u00f6vs inte fler jobb i Kiruna kommun.\u202f<\/p>\n<p>\u2013 Till och med kaf\u00e9er m\u00e5ste flyga in folk, s\u00e4ger Mats Sidmalm, gruvmotst\u00e5ndare som \u00e4ven representerar Socialdemokraterna i Kirunas milj\u00f6- och byggn\u00e4mnd.\u00a0<\/p>\n<p>P\u00e5 Vittangis hembygdsg\u00e5rd rasar en ilska.<\/p>\n<p>Bland kaffe och hembakt mazarinkaka, honungsgul furu och lampsk\u00e4rmar i spets, f\u00f6rklarar han och Ulrik Lidstr\u00f6m fr\u00e5n den lokala motst\u00e5ndsgruppen varf\u00f6r de inte vill ha n\u00e5gon grafitgruva drygt en mil bort.\u202f<\/p>\n<p>\t\t\t\t<img alt=\"Mats Sidmalm och Ulrik Lidstr\u00f6m sitter inomhus; Mats pratar och gestikulerar, Ulrik lyssnar med armarna i kors och har glas\u00f6gon och jacka.\" class=\"MediaWrapper-content BodyImage-imageObject\" src=\"https:\/\/media.arto.se\/app\/uploads\/sites\/10\/2025\/10\/31135416\/mats-sidmalm-ulrik-lidstrom.jpg?auto=format&amp;crop=faces&amp;facepad=10&amp;fit=crop&amp;q=50&amp;w=1060&amp;h=708\" data-lazy-load-target=\"content\" width=\"1060\" height=\"708\" loading=\"lazy\" decoding=\"async\" fetchpriority=\"auto\"\/><\/p>\n<p>\n\t\t\t\t\tMats Sidmalm och Ulrik Lidstr\u00f6m \u00e4r engagerade i den lokala motst\u00e5ndsgruppen.<br \/>\n\t\t\t\t\t\t\tFoto: Ronja de Boer\n\t\t\t\t\t\t\t\t\t<\/p>\n<p>Renn\u00e4ringen drabbas<\/p>\n<p>Det \u00e4r en laddad plats \u2013 de skogskl\u00e4dda h\u00f6jderna, myrmarkerna och vattendragen intill berget Nunasvaara d\u00e4r grafitfyndigheten finns.\u00a0<\/p>\n<p>F\u00f6rutom mineralutvinning tr\u00e4ngs riksintressen som renn\u00e4ring och naturv\u00e5rd p\u00e5 samma yta \u2013 Torne\u00e4lven finns 900 meter bort.<\/p>\n<p>\t\t\t\t<img alt=\"En sj\u00f6 omgiven av tr\u00e4d under en delvis molnig himmel, med en liten tr\u00e4roddb\u00e5t vid gr\u00e4sbevuxen strand i f\u00f6rgrunden.\" class=\"MediaWrapper-content BodyImage-imageObject\" src=\"https:\/\/media.arto.se\/app\/uploads\/sites\/10\/2025\/11\/13143803\/hosiojarvi-storre.jpg?auto=format&amp;crop=faces&amp;facepad=10&amp;fit=crop&amp;q=50&amp;w=1060&amp;h=706\" data-lazy-load-target=\"content\" width=\"1060\" height=\"706\" loading=\"lazy\" decoding=\"async\" fetchpriority=\"auto\"\/><\/p>\n<p>\n\t\t\t\t\tSj\u00f6n Hosioj\u00e4rvi ligger i det omr\u00e5de som kommer f\u00f6r\u00e4ndras i grunden om Talga b\u00f6rjar bryta grafit.<br \/>\n\t\t\t\t\t\t\tFoto: Lars Igeland\/Naturskyddsf\u00f6reningen\n\t\t\t\t\t\t\t\t\t<\/p>\n<p>Men det \u00e4r det australiska gruvbolaget Talga som har g\u00e5tt vinnande ur striden om marken i mark- och milj\u00f6domstolen.\u202f\u202f\u00a0<\/p>\n<p>Om gruvan blir av inneb\u00e4r det att Talma sameby f\u00f6rlorar betesmark och att renarnas flyttleder drabbas. Att artskyddade lummerarter f\u00e5r ge vika. Och den lokala motst\u00e5ndsgruppen fruktar att \u00e4lven kommer att p\u00e5verkas.\u00a0<\/p>\n<p>Infekterat br\u00e5k med staten <\/p>\n<p>Dessutom har gruvplanerna satt riksintressen och det kommunala sj\u00e4lvstyret p\u00e5 kollisionskurs.\u202f\u202f\u202f\u00a0<\/p>\n<p>F\u00f6rra v\u00e5ren kom beskedet att det S-ledda styret i Kiruna kommun v\u00e4grar g\u00f6ra en detaljplan f\u00f6r Talgas gruva.\u202f\u00a0<\/p>\n<p>\u201dDet som h\u00e4nder i norra Sverige \u00e4r en forts\u00e4ttning p\u00e5 ett f\u00f6rlegat, kolonialt syns\u00e4tt fr\u00e5n svenska staten\u201d, skrev ledningen i ett uttalande.\u202f\u00a0<\/p>\n<p>De motiverade beslutet med att gruvan kommer att leda till sv\u00e5rare utmaningar f\u00f6r ekonomin, v\u00e4lf\u00e4rden, bostadsbristen och arbetskraften inom kommunen.\u202f\u202f\u00a0<\/p>\n<p>Grafikfyndigheten viktig f\u00f6r EU<\/p>\n<p>Om regeringen vill ge bort naturtillg\u00e5ngar till utl\u00e4ndska gruvf\u00f6retag s\u00e5 f\u00e5r de g\u00f6ra det utan st\u00f6d av kommunledningen, l\u00f6d budskapet.\u202f\u00a0<\/p>\n<p>\u202fDet var b\u00f6rjan p\u00e5 flera turer.\u202f\u202f\u00a0<\/p>\n<p>\u202fDrygt ett \u00e5r senare har regeringen k\u00f6rt \u00f6ver kommunen p\u00e5 ett s\u00e4tt som aldrig gjorts f\u00f6rr och EU har pekat ut grafitfyndigheten som s\u00e4rskilt viktig.\u202f\u202f\u00a0<\/p>\n<p>Gruvan \u00e4r sammanfl\u00e4tad med konflikter och geopolitik. Bel\u00e4gen i en kommun med stora skulder och som samtidigt har Sveriges l\u00e4gsta arbetsl\u00f6shet. Men hur h\u00e4nger allt ihop?\u202f\u202f\u202f\u00a0\u202f\u00a0<\/p>\n<p>Grafit fungerar utm\u00e4rkt som anodmaterial i litiumbatterier. Uppt\u00e4ckten gjordes p\u00e5 1980-talet och gav japanen Akira Yoshino Nobelpriset i kemi 2019.\u202f\u00a0<\/p>\n<p>Den kolbaserade mineralen best\u00e5r av tunna skikt som ligger lager p\u00e5 lager.\u00a0<\/p>\n<p>\u2013 Man kan f\u00f6rest\u00e4lla sig det som en h\u00f6g med pappersark, s\u00e4ger Daniel Brandell, professor i materialkemi vid Uppsala universitet.\u00a0\u00a0<\/p>\n<p>\u202fMellan kolskikten kan litiumjoner enkelt hoppa in och ut beroende p\u00e5 om batteriet laddas eller laddas ur.\u202f<\/p>\n<p>\t\t\t\t<img alt=\"N\u00e4rbild av borrk\u00e4rnor placerade i en tr\u00e4l\u00e5da med etiketten &quot;L-36&quot;, d\u00e4r materialets textur och skiktning syns.\" class=\"MediaWrapper-content BodyImage-imageObject\" src=\"https:\/\/media.arto.se\/app\/uploads\/sites\/10\/2025\/11\/13144549\/sdljkiivpqvzro-nh.jpg?auto=format&amp;crop=faces&amp;facepad=10&amp;fit=crop&amp;q=50&amp;w=1060&amp;h=706\" data-lazy-load-target=\"content\" width=\"1060\" height=\"706\" loading=\"lazy\" decoding=\"async\" fetchpriority=\"auto\"\/><\/p>\n<p>\n\t\t\t\t\tGrafitst\u00e4nger fr\u00e5n de provborrningar som gjordes kring Nunasvaara 2022.<br \/>\n\t\t\t\t\t\t\tFoto: Erik Simander\/DN\/TT\n\t\t\t\t\t\t\t\t\t<\/p>\n<p>\u202fViktigt i elbilar<\/p>\n<p>Litiumbatterier har v\u00e4xt sig starka p\u00e5 v\u00e4rldsmarknaden det senaste decenniet. De m\u00f6jligg\u00f6r en elbilsflotta och \u00e4r en f\u00f6ruts\u00e4ttning f\u00f6r att kunna lagra el fr\u00e5n sol- och vindkraftsparker.<\/p>\n<p>I dagsl\u00e4get finns inga alternativ till grafit som fungerar tillr\u00e4ckligt bra i batterierna, ber\u00e4ttar Daniel Brandell. Litiumbatterier, och d\u00e4rmed grafit, fyller allts\u00e5 en central funktion f\u00f6r att samh\u00e4llet ska kunna klara en omst\u00e4llning till s\u00e5 kallad gr\u00f6n teknologi.\u202f\u202f\u00a0<\/p>\n<p>\u202fSamtidigt st\u00e5r Kina f\u00f6r en \u00f6verv\u00e4ldigande majoritet av f\u00f6r\u00e4dlingen av grafit i v\u00e4rlden och har inf\u00f6rt exportrestriktioner av mineralen.\u202f\u202f\u00a0<\/p>\n<p>\t\t\t\t\t\t\t\t\t\tTalgas planer<\/p>\n<p><strong>Talga Group \u00e4r<\/strong> ett internationellt bolag med s\u00e4te i Australien och har majoriteten av sina anst\u00e4llda i Sverige. Det svenska dotterbolaget Talga AB driver planerna p\u00e5 en grafitgruva utanf\u00f6r Vittangi och en anodfabrik i Lule\u00e5.\u00a0<\/p>\n<p>Gruvan v\u00e4ntas leda till <strong>cirka 60 arbetstillf\u00e4llen<\/strong>, medan fabriken i Lule\u00e5 f\u00f6rv\u00e4ntas generera <strong>110 arbetstillf\u00e4llen<\/strong>.\u00a0<\/p>\n<p>Gruvan kommer att utvinna i snitt <strong>100\u00a0000 ton naturlig grafit<\/strong> per \u00e5r.\u00a0<\/p>\n<p>Grafiten ska anv\u00e4ndas i tillverkning av batterianoder, som i sin tur \u00e4r <strong>en av komponenterna i litiumbatterier<\/strong>. Produktionen av anodmaterial kommer att f\u00f6rl\u00e4ggas till industriparken i Lule\u00e5, d\u00e4r en fabrik h\u00e5ller p\u00e5 att byggas.\u00a0<\/p>\n<p>Anodmaterialet som planeras att produceras i fabriken ska r\u00e4cka till <strong>drygt 270\u00a0000 elbila<\/strong>r per \u00e5r.<\/p>\n<p><strong>K\u00e4lla:<\/strong>\u00a0Talga\u00a0<\/p>\n<p>\t\t\t\t\tL\u00e4s mer\n\t\t\t<\/p>\n<p>Kommunen \u00f6verk\u00f6rd \u2013 tv\u00e5 g\u00e5nger<\/p>\n<p>Drygt en m\u00e5nad efter att Kiruna kommun lagt ner arbetet med detaljplanen f\u00f6r Talgas gruva tr\u00e4dde EU:s f\u00f6rordning om kritiska r\u00e5material i kraft. D\u00e4rigenom ska EU bli mindre beroende av Kina. <\/p>\n<p>P\u00e5 listan \u00f6ver kritiska r\u00e5material finns grafit och fyndigheten utanf\u00f6r Vittangi pekas ut som ett strategiskt projekt.\u202f\u202f\u00a0<\/p>\n<p>\u202fI januari i \u00e5r tog regeringen beslutet att kr\u00e4va att Kiruna kommun antar en detaljplan som m\u00f6jligg\u00f6r gruvverksamhet. Det \u00e4r genom en paragraf i plan- och bygglagen som regeringen lyckas k\u00f6ra \u00f6ver kommunens planmonopol, som inneb\u00e4r att kommunerna best\u00e4mmer hur dess mark ska anv\u00e4ndas och bebyggas. <\/p>\n<p>Det har aldrig h\u00e4nt tidigare och regeringen motiverade beslutet med den gr\u00f6na omst\u00e4llningen och Kinas dominans.\u202f\u202f\u00a0<\/p>\n<p>Kommunen fick fem m\u00e5nader p\u00e5 sig att utforma detaljplanen. N\u00e4r man inte var klar i tid k\u00f6rde regeringen \u00f6ver kommunen ytterligare en g\u00e5ng genom att ge L\u00e4nsstyrelsen i uppdrag att g\u00f6ra detaljplanen i st\u00e4llet.\u00a0<\/p>\n<p>Sveriges l\u00e4gsta arbetsl\u00f6shet<\/p>\n<p>Enligt kommunalr\u00e5det\u00a0Mats Taaveniku (S) undergr\u00e4ver regeringens agerande det kommunala sj\u00e4lvstyret. Han ser gruvan som \u201dytterligare en b\u00f6rda\u201d.\u00a0<\/p>\n<p>Kiruna har ett ovanligt problem i ett Sverige d\u00e4r arbetsl\u00f6sheten i \u00f6vrigt skenar.\u00a0<\/p>\n<p>Medan den totala arbetsl\u00f6sheten ligger p\u00e5 9 procent, r\u00e5der h\u00e4r brist p\u00e5 arbetskraft. Arbetsl\u00f6sheten ligger strax \u00f6ver 2 procent \u2013 den l\u00e4gsta i landet.\u202f<\/p>\n<p>\t\t\t\t<img alt=\"Mats Taaveniku med ljust h\u00e5r och kavaj sitter inomhus och tittar \u00e5t sidan.\" class=\"MediaWrapper-content BodyImage-imageObject\" src=\"https:\/\/media.arto.se\/app\/uploads\/sites\/10\/2025\/11\/13142702\/sdle71v-k-zdve-nh.jpg?auto=format&amp;crop=faces&amp;facepad=10&amp;fit=crop&amp;q=50&amp;w=1060&amp;h=706\" data-lazy-load-target=\"content\" width=\"1060\" height=\"706\" loading=\"lazy\" decoding=\"async\" fetchpriority=\"auto\"\/><\/p>\n<p>\n\t\t\t\t\tMats Taaveniku (S), kommunstyrelsens ordf\u00f6rande i Kiruna, ser det som viktigt att fler av dem som jobbar i kommunen ocks\u00e5 bos\u00e4tter sig d\u00e4r.<br \/>\n\t\t\t\t\t\t\tFoto: Christine Olsson\/TT\n\t\t\t\t\t\t\t\t\t<\/p>\n<p>Kommunalr\u00e5det fruktar att fly in fly out-problematiken kommer att eskalera ytterligare med grafitgruvan. Fenomenet \u00e4r en huvudv\u00e4rk f\u00f6r kommunen eftersom de som jobbar i Kiruna \u2013 men bor n\u00e5gon annanstans \u2013 inte betalar kommunalskatt.\u202f\u202f<\/p>\n<p>\u2013 Vi tappar redan m\u00e5nga miljoner i skatteint\u00e4kter eftersom runt 2\u00a0000 personer arbetspendlar hit, s\u00e4ger han.\u00a0<\/p>\n<p>Tycker arbetsl\u00f6sa borde flytta<\/p>\n<p>Han ifr\u00e5gas\u00e4tter rimligheten i att Kiruna knappt har n\u00e5gon arbetsl\u00f6shet, medan Sk\u00e5ne har landets h\u00f6gsta arbetsl\u00f6shet och blickar tillbaka p\u00e5 1980-talets gruvkris.\u202f\u202f\u00a0<\/p>\n<p>\u2013 D\u00e5 gick man till Arbetsf\u00f6rmedlingen och blev erbjuden ett jobb oavsett var i Sverige det var. Tackade du nej blev du avst\u00e4ngd fr\u00e5n a-kassa och \u00f6vriga st\u00f6d. Tackade du ja fick du olika typer av bidrag, som flyttbidrag, f\u00f6r att snabbt komma in i det nya samh\u00e4llet, s\u00e4ger Kirunas kommunalr\u00e5d.\u202f\u00a0<\/p>\n<p>Han till\u00e4gger att det fanns en frustration \u00f6ver att den arbetsmarknadspolitiken var h\u00e5rd.<\/p>\n<p>\u2013 Jag \u00e4r ingen expert p\u00e5 hur man ska hantera det, men p\u00e5 n\u00e5got s\u00e4tt m\u00e5ste man stimulera m\u00e4nniskor att i h\u00f6gre grad flytta till andra orter i Sverige d\u00e4r arbetsl\u00f6sheten \u00e4r l\u00e5g.<\/p>\n<p>\t\t\t\t<img alt=\"Byggarbetsplats med gr\u00e4vmaskiner och bl\u00e5 containrar bredvid en byggnad, inh\u00e4gnad med bl\u00e5 staket; en person g\u00e5r p\u00e5 en stig, kullar syns i bakgrunden.\" class=\"MediaWrapper-content BodyImage-imageObject\" src=\"https:\/\/media.arto.se\/app\/uploads\/sites\/10\/2025\/11\/13150408\/sdlfq9gmjzo7yw-nh.jpg?auto=format&amp;crop=faces&amp;facepad=10&amp;fit=crop&amp;q=50&amp;w=1060&amp;h=682\" data-lazy-load-target=\"content\" width=\"1060\" height=\"682\" loading=\"lazy\" decoding=\"async\" fetchpriority=\"auto\"\/><\/p>\n<p>\n\t\t\t\t\tKiruna har en tuff ekvation att l\u00f6sa. Kommunen m\u00e5ste locka fler inv\u00e5nare \u2013 samtidigt som stora delar av staden j\u00e4mnas med marken f\u00f6r att gruvdriften ska kunna forts\u00e4tta.<br \/>\n\t\t\t\t\t\t\tFoto: Fredrik Sandberg\/TT\n\t\t\t\t\t\t\t\t\t<\/p>\n<p>F\u00f6r Kiruna beh\u00f6ver bli 2\u202f500 fler inv\u00e5nare f\u00f6r att kunna m\u00f6ta den efterfr\u00e5gan p\u00e5 jobb som finns, enligt Mats Taaveniku. Samtidigt kom i h\u00f6stas chockbeskedet att ytterligare 6 000 Kirunabor m\u00e5ste flytta till nya bost\u00e4der p\u00e5 grund av sprickorna som LKAB:s gruva orsakar.<\/p>\n<p>\u2013 P\u00e5 grund av stadsomvandlingen bedriver vi i praktiken en och en halv kommun, sett till resursbehov och finansiella behov, s\u00e4ger kommunalr\u00e5det.\u00a0<\/p>\n<p>\u201dBetraktar oss som en oljeplattform\u201d<\/p>\n<p>I slutet av september kom en tv\u00e4rpolitisk \u00f6verenskommelse till st\u00e5nd i Kirunas kommunfullm\u00e4ktige. Partierna kom \u00f6verens om ett antal krav gentemot staten om allt fr\u00e5n bost\u00e4der, avskrivningsregler, arbetsmarknadspolitik \u2013 och n\u00e5gon form av naturresursincitament.\u00a0<\/p>\n<p>F\u00f6r i grunden handlar kommunledningens missn\u00f6je med Talgas gruva om en principfr\u00e5ga. <\/p>\n<p>Det handlar om ett missn\u00f6je \u00f6ver en or\u00e4ttvis f\u00f6rdelning av resurserna och om att kommunen inte gynnas av det kommunala utj\u00e4mningssystemet. Sedan 40 \u00e5r tillbaka \u00e4r bolagsskatten helt statlig, vilket inneb\u00e4r att kommunen inte f\u00e5r ta del av gruvans vinster.\u00a0<\/p>\n<p>\u2013 Kiruna kommun har med hj\u00e4lp av malmen bidragit s\u00e5 mycket till Sveriges v\u00e4lf\u00e4rd, medan vi sedan 80-talet har beh\u00f6vt osthyvla i v\u00e5r egen v\u00e4lf\u00e4rd. Jag k\u00e4nner att man betraktar oss som en oljeplattform eller en koloni, s\u00e4ger Mats Taaveniku.\u00a0<\/p>\n<p>Tycker kommuner ska f\u00e5 mer st\u00f6d<\/p>\n<p>Detaljplan, bygglov och ett formellt investeringsbeslut beh\u00f6ver vara p\u00e5 plats innan Talgas grafitgruva kan b\u00f6rja ta form. Byggprocessen ber\u00e4knas ta 18 till 24 m\u00e5nader och om gruvan blir av v\u00e4ntas runt 60 personer jobba d\u00e4r.\u00a0<\/p>\n<p>Enligt bolaget jobbar man aktivt f\u00f6r att motverka att det blir en fly in fly out-effekt. Man vill ha anst\u00e4llda \u201dsom kan sl\u00e5 r\u00f6tter lokalt som\u201d, som kan \u201djobba h\u00e5llbart och l\u00e5ngsiktigt\u201d och \u201dvara del av bygden och skatta kommunalt\u201d, skriver presschefen Cen Rolfsson i ett mejl till Arbetet.\u00a0\u00a0<\/p>\n<p>Gruvprofilen Per-Erik Lindvall, som tidigare varit styrelseordf\u00f6rande f\u00f6r Talga, menar att det varken \u00e4r rimligt eller h\u00e5llbart att kommuner inte f\u00e5r ta del av gruvornas vinster.<\/p>\n<p>\t\t\t\t\t\t\t\t\t\tGruvprocessen<\/p>\n<ul>\n<li>Svenska och utl\u00e4ndska bolag kan beg\u00e4ra att f\u00e5\u00a0<strong>unders\u00f6kningstillst\u00e5nd<\/strong>\u00a0f\u00f6r att unders\u00f6ka mineraler inom ett visst omr\u00e5de hos myndigheten Bergsstaten.\u00a0Hittar f\u00f6retaget en intressant tillg\u00e5ng avg\u00f6r myndigheten om man f\u00e5r en <strong>bearbetningskoncession\u00a0<\/strong>\u2013 vilket bland annat inneb\u00e4r att f\u00f6retaget f\u00e5r ensamr\u00e4tt till fyndigheten.\u00a0<\/li>\n<li>I och med att gruvverksamhet \u00e4r klassad som milj\u00f6farlig verksamhet kr\u00e4vs ett\u00a0<strong>milj\u00f6tillst\u00e5nd<\/strong>. Mark- och milj\u00f6domstolen \u00e4r den instans som avg\u00f6r om f\u00f6retagen uppfyller villkoren f\u00f6r det tillst\u00e5ndet.<\/li>\n<li>B\u00e5de Bergsstaten och mark- och milj\u00f6domstolen v\u00e4ger\u00a0<strong>riksintressen<\/strong>\u00a0mot varandra. Riksintressen \u00e4r omr\u00e5den eller resurser som staten anser s\u00e4rskilt viktiga f\u00f6r hela landet och som ska till exempel skyddas fr\u00e5n \u201dp\u00e5taglig skada\u201d.<\/li>\n<\/ul>\n<p><strong>Talgas tillst\u00e5nd<\/strong><\/p>\n<ul>\n<li><strong>Mark- och milj\u00f6domstolen<\/strong> har gett bolaget Talga tillst\u00e5nd att \u00e5rligen bryta <strong>120\u00a0000 ton grafitmalm<\/strong> i dagbrott samt bygga och driva de anl\u00e4ggningar som beh\u00f6vs f\u00f6r verksamheten.\u00a0<\/li>\n<li><strong>Enligt domstolen<\/strong> bed\u00f6ms Talgas verksamhet inte \u201dp\u00e5tagligt skada n\u00e5got riksintresse\u201d.\u00a0<\/li>\n<li>Bolaget ska bara bryta grafiten under de <strong>sex m\u00e5nader<\/strong> d\u00e5 samebyarna inte vistas i omr\u00e5det. Domstolen ser det, liksom Talgas planerade vattenreningssystem f\u00f6r att skydda \u00e4lven, som viktiga skydds\u00e5tg\u00e4rder.<\/li>\n<li>Talga har \u00e4ven beviljats ett s\u00e5 kallat\u00a0<strong>Natura 2000-tillst\u00e5nd<\/strong>\u00a0som r\u00f6r Kalix och Torne \u00e4lvsystem. Natura 2000 \u00e4r s\u00e4rskilt skyddade naturomr\u00e5den i EU.<\/li>\n<\/ul>\n<p><strong>EU:s f\u00f6rordning om kritiska r\u00e5material<\/strong><\/p>\n<ul>\n<li><strong>EU-f\u00f6rordningen om kritiska r\u00e5material<\/strong>\u00a0(Critical Raw Materials Act) tr\u00e4dde i kraft i maj 2024.\u00a0<\/li>\n<li><strong>Strategiska projekt<\/strong>\u00a0kan utses f\u00f6r att EU ska kunna st\u00e4rka unionens f\u00f6rs\u00f6rjning av strategiska r\u00e5material. Projekt inom utvinning ska inte beh\u00f6va v\u00e4nta l\u00e4ngre \u00e4n 27 m\u00e5nader p\u00e5 n\u00f6dv\u00e4ndiga tillst\u00e5nd.\u00a0\u00a0<\/li>\n<\/ul>\n<p><strong>K\u00e4lla:<\/strong>\u00a0SGU (Sveriges Geologiska unders\u00f6kning)\/Mark- och milj\u00f6domstolen<\/p>\n<p>\t\t\t\t\tL\u00e4s mer\n\t\t\t<\/p>\n<p>Han f\u00f6resl\u00e5r en ny modell d\u00e4r gruvbolagen betalar ett f\u00f6rskott till kommunen f\u00f6re etableringen.\u00a0\u201dKommunen f\u00e5r tidig kompensation, finansierad av f\u00f6retaget, medan staten justerar avdrags\u00adreglerna och f\u00e5r sin fulla del lite senare\u201d, <a href=\"https:\/\/www.svd.se\/a\/zApwd1\/per-erik-lindvall-ge-kommuner-forskott-fran-gruvor\" data-type=\"link\" data-id=\"https:\/\/www.svd.se\/a\/zApwd1\/per-erik-lindvall-ge-kommuner-forskott-fran-gruvor\" rel=\"nofollow noopener\" target=\"_blank\">skriver han i en debattartikel i Svenska Dagbladet<\/a>.<\/p>\n<p>\u00c4ven Talga tycker att kommuner ska f\u00e5 mer st\u00f6d f\u00f6r att kunna bem\u00f6ta etableringar som gynnar landet.\u00a0<\/p>\n<p>\u201dDet finns troligtvis flera v\u00e4gar f\u00f6r exakt hur detta kan se ut, men det b\u00f6r tas p\u00e5 allvar och bem\u00f6tas fr\u00e5n centralt h\u00e5ll\u201d, skriver presschefen Cen Rolfsson.<\/p>\n<p>\t\t\t\t<img alt=\"En gul gr\u00e4vmaskin arbetar i ett stort dagbrott omgiven av steniga v\u00e4ggar under en klar himmel.\" class=\"MediaWrapper-content BodyImage-imageObject\" src=\"https:\/\/media.arto.se\/app\/uploads\/sites\/10\/2025\/11\/13153024\/kanada-sdlxlfbxtuy5ty-nh.jpg?auto=format&amp;crop=faces&amp;facepad=10&amp;fit=crop&amp;q=50&amp;w=1060&amp;h=706\" data-lazy-load-target=\"content\" width=\"1060\" height=\"706\" loading=\"lazy\" decoding=\"async\" fetchpriority=\"auto\"\/><\/p>\n<p>\n\t\t\t\t\tGrafit bryts oftast i dagbrott. Bilden \u00e4r fr\u00e5n en grafitgruva utanf\u00f6r Quebec i Kanada.<br \/>\n\t\t\t\t\t\t\tFoto: Sebastian St Jean\/AFP\/TT\n\t\t\t\t\t\t\t\t\t<\/p>\n<p>\u201dFolk har f\u00e5tt nog h\u00e4r uppe\u201d<\/p>\n<p>P\u00e5 Vittangis hembygdsg\u00e5rd riktas ilskan mot ett \u201dsjukt system\u201d.\u00a0<\/p>\n<p>\u2013 Om vi hade haft liknande regler som i Norge, eller Finland eller Kanada \u2013 stora delar av gruvv\u00e4rlden \u2013 hade lokalsamh\u00e4llet blomstrat, s\u00e4ger Ulrik Lidstr\u00f6m.<\/p>\n<p>I st\u00e4llet h\u00e5ller\u00a0Norrbottens gruvkommuner \u2013 Pajala, G\u00e4llivare och Kiruna \u2013 p\u00e5 att f\u00f6rbl\u00f6da, menar motst\u00e5ndarna till grafitgruvan.\u202f<\/p>\n<p>\u2013 Vi \u00e4r inte emot alla gruvor. Naturligtvis inte. Vi bor ju i Kiruna. Men nu har vi tagit v\u00e5r del. Folk har f\u00e5tt nog h\u00e4r uppe, Mats Sidmalm.<\/p>\n<p>\t\t\t\t\t\t\t\t\t\tAndra investeringar inom den gr\u00f6na omst\u00e4llningen<\/p>\n<ul>\n<li><strong>LKAB<\/strong> befinner sig en omst\u00e4llningsprocess med m\u00e5let att bli fossilfri till 2045. Bland annat ska j<strong>\u00e4rnmalmspellets ers\u00e4ttas med fossilfri j\u00e4rnsvamp<\/strong>. Bolaget planerar ocks\u00e5 att etablera <strong>en cirkul\u00e4r industripark<\/strong> i Lule\u00e5 f\u00f6r att ta vara p\u00e5 biprodukter fr\u00e5n gruvbrytningen som fosfor, jordartsmetaller och gips. Sammantaget v\u00e4ntas investeringarna leda till <strong>600 nya arbetstillf\u00e4llen<\/strong>. De 20 \u00e5r som omst\u00e4llningen ber\u00e4knas ta v\u00e4ntas \u00e4ven ge mellan 2<strong>\u00a0000 och 3\u00a0000 tillf\u00e4lliga arbetstillf\u00e4llen<\/strong>.<strong>\u00a0<\/strong>\u00a0<\/li>\n<li>SSAB har f\u00f6r avsikt att bygga <strong>ett nytt fossilfritt st\u00e5lverk<\/strong> i Lule\u00e5. I det nya st\u00e5lverket ska j\u00e4rnsvamp och ljusb\u00e5gsugnar (elektriska ugnar) anv\u00e4ndas i st\u00e4llet f\u00f6r j\u00e4rnmalmspellets och masugnar. St\u00e5lverket f\u00f6rv\u00e4ntas vara klart 2030 och generera <strong>150 arbetstillf\u00e4llen<\/strong>.<\/li>\n<li>I Markbygden utanf\u00f6r Pite\u00e5 h\u00e5ller Europas st\u00f6rsta <strong>landbaserade vindkraftspar<\/strong>k som h\u00e5ller p\u00e5 att byggas ut. Parken f\u00f6rv\u00e4ntas bidra till Sveriges omst\u00e4llning till fossilfri elproduktion och \u00e4gs av SCA, Sveaskog och ett antal mindre privata \u00e4gare. Parken planeras vara klar 2030, best\u00e5 av 700 till 800 vindkraftverk och generera <strong>200 arbetstillf\u00e4llen n\u00e4r den \u00e4r i drift<\/strong>.\u00a0<\/li>\n<\/ul>\n<p><strong>K\u00e4lla<\/strong>: Forskningsrapporten \u201dRisker i den gr\u00f6na omst\u00e4llningen\u201d fr\u00e5n 2025\u00a0<\/p>\n<p>\t\t\t\t\tL\u00e4s mer\n\t\t\t<\/p>\n","protected":false},"excerpt":{"rendered":"Det beh\u00f6vs inte fler jobb i Kiruna kommun.\u202f \u2013 Till och med kaf\u00e9er m\u00e5ste flyga in folk, s\u00e4ger&hellip;\n","protected":false},"author":2,"featured_media":118162,"comment_status":"","ping_status":"","sticky":false,"template":"","format":"standard","meta":{"footnotes":""},"categories":[12],"tags":[22,23,26,27,17,21,24,25,28,29,15,16,18,34,31,33,32,30,19,20],"class_list":{"0":"post-118161","1":"post","2":"type-post","3":"status-publish","4":"format-standard","5":"has-post-thumbnail","7":"category-sverige","8":"tag-breaking-news","9":"tag-breakingnews","10":"tag-featured-news","11":"tag-featurednews","12":"tag-headlines","13":"tag-huvudnyheter","14":"tag-latest-news","15":"tag-latestnews","16":"tag-main-news","17":"tag-mainnews","18":"tag-news","19":"tag-nyheter","20":"tag-rubriker","21":"tag-se","22":"tag-svenska","23":"tag-sverige","24":"tag-sweden","25":"tag-swedish","26":"tag-top-stories","27":"tag-topstories"},"share_on_mastodon":{"url":"https:\/\/pubeurope.com\/@se\/115790422160717757","error":""},"_links":{"self":[{"href":"https:\/\/www.europesays.com\/se\/wp-json\/wp\/v2\/posts\/118161","targetHints":{"allow":["GET"]}}],"collection":[{"href":"https:\/\/www.europesays.com\/se\/wp-json\/wp\/v2\/posts"}],"about":[{"href":"https:\/\/www.europesays.com\/se\/wp-json\/wp\/v2\/types\/post"}],"author":[{"embeddable":true,"href":"https:\/\/www.europesays.com\/se\/wp-json\/wp\/v2\/users\/2"}],"replies":[{"embeddable":true,"href":"https:\/\/www.europesays.com\/se\/wp-json\/wp\/v2\/comments?post=118161"}],"version-history":[{"count":0,"href":"https:\/\/www.europesays.com\/se\/wp-json\/wp\/v2\/posts\/118161\/revisions"}],"wp:featuredmedia":[{"embeddable":true,"href":"https:\/\/www.europesays.com\/se\/wp-json\/wp\/v2\/media\/118162"}],"wp:attachment":[{"href":"https:\/\/www.europesays.com\/se\/wp-json\/wp\/v2\/media?parent=118161"}],"wp:term":[{"taxonomy":"category","embeddable":true,"href":"https:\/\/www.europesays.com\/se\/wp-json\/wp\/v2\/categories?post=118161"},{"taxonomy":"post_tag","embeddable":true,"href":"https:\/\/www.europesays.com\/se\/wp-json\/wp\/v2\/tags?post=118161"}],"curies":[{"name":"wp","href":"https:\/\/api.w.org\/{rel}","templated":true}]}}