{"id":118163,"date":"2025-12-27T07:46:13","date_gmt":"2025-12-27T07:46:13","guid":{"rendered":"https:\/\/www.europesays.com\/se\/118163\/"},"modified":"2025-12-27T07:46:13","modified_gmt":"2025-12-27T07:46:13","slug":"stormen-johannes-drar-in-orkanbyar-i-fjallen","status":"publish","type":"post","link":"https:\/\/www.europesays.com\/se\/118163\/","title":{"rendered":"Stormen Johannes drar in \u2013 orkanbyar i fj\u00e4llen"},"content":{"rendered":"<p class=\"boxtextgrotesk-root_baa6 hyperion-css-7pajle\">Uppdaterad 08.29 | Publicerad 07.12<\/p>\n<p>share-arrowDela<\/p>\n<p>unsaveSpara<\/p>\n<p>expand-left<\/p>\n<p>helsk\u00e4rm<img decoding=\"async\" class=\"image-asset hyperion-css-u06ts1\" data-test-tag=\"image-asset\" src=\"https:\/\/www.europesays.com\/se\/wp-content\/uploads\/2025\/12\/e29e0e18-e4be-4891-abcd-097bf62c9ae1\"  alt=\"Kraftig bl\u00e5st v\u00e4ntas i fj\u00e4llen under l\u00f6rdagen. Orange v\u00e4dervarning \u00e4r utf\u00e4rdad f\u00f6r mer \u00e4n halva landet.\"  loading=\"eager\" fetchpriority=\"high\" style=\"aspect-ratio:1900 \/ 1264\"\/>Kraftig bl\u00e5st v\u00e4ntas i fj\u00e4llen under l\u00f6rdagen. Orange v\u00e4dervarning \u00e4r utf\u00e4rdad f\u00f6r mer \u00e4n halva landet. Foto: Anders Wiklund\/ TT<\/p>\n<p class=\"hyperion-css-1shl3oz\" data-test-tag=\"lead-text\">Mer \u00e4n halva landet drabbas n\u00e4r stormen Johannes drar in \u00f6ver Sverige. V\u00e4rst \u00e4r det i V\u00e4sterbottensfj\u00e4llen.<\/p>\n<p class=\"hyperion-css-1shl3oz\" data-test-tag=\"lead-text\">\u2013 D\u00e4r \u00e4r det 41 meter per sekund i byarna, s\u00e5 det \u00e4r storm med orkanbyar, s\u00e4ger vakthavande meteorolog Kjell Lund p\u00e5 SMHI.<\/p>\n<p class=\"hyperion-css-1v9qo5x\">SMHI varnar f\u00f6r mycket bl\u00e5sigt v\u00e4der med tidvis stormbyar f\u00f6r stora delar av Norrland, norra Dalarna och nord\u00f6stra Svealand. <a data-test-tag=\"internal-link\" href=\"https:\/\/www.aftonbladet.se\/tagg\/trafikverket\" class=\"hyperion-css-15jkft9\" rel=\"nofollow noopener\" target=\"\" aria-label=\"Trafikverket\">Trafikverket<\/a> uppmanar m\u00e4nniskor att inte ge sig ut p\u00e5 v\u00e4garna om det inte \u00e4r absolut n\u00f6dv\u00e4ndigt.<\/p>\n<p class=\"hyperion-css-1v9qo5x\">Allra v\u00e4rst blir det i Norrbotten och en del av V\u00e4sterbottens fj\u00e4lltrakter d\u00e4r den h\u00e5rda viden i kombination med kraftigt sn\u00f6fall v\u00e4ntas ge mycket besv\u00e4rligt v\u00e4der.<\/p>\n<p class=\"hyperion-css-1v9qo5x\">\u2013 Det sn\u00f6ar rej\u00e4lt i fj\u00e4llen redan och det kommer att vara storm d\u00e4r med riktigt kraftiga byar, s\u00e4ger Kjell Lund p\u00e5 SMHI vid 7.15-tiden.<\/p>\n<p>Trafikst\u00f6rningar<\/p>\n<p class=\"hyperion-css-1v9qo5x\">D\u00e4remot har SMHI dragit tillbaka en orange v\u00e4dervarning f\u00f6r \u00f6stra Norrbotten, Tornedalen och en bit ner l\u00e4ngs V\u00e4sterbottens kust.<\/p>\n<p class=\"hyperion-css-1v9qo5x\">\u2013 Det var orange f\u00f6r ishalka d\u00e4r,men nu \u00e4r det gult. Det blir lite lugnare d\u00e4r, men det blir bl\u00e5sigt \u00e4nd\u00e5, s\u00e4ger Kjell Lund.<\/p>\n<p class=\"hyperion-css-1v9qo5x\">V\u00e4dret v\u00e4ntas orsaka stora trafikst\u00f6rningar och redan inf\u00f6r v\u00e4dret st\u00e4ngde Trafikverket bland annat Mittbanan mellan Br\u00e4cke och Storlien, vilket stoppar t\u00e5gtrafiken till \u00d6stersund och \u00c5re under en period d\u00e5 m\u00e5nga jullovslediga hade t\u00e4nkt \u00e5ka skidor i J\u00e4mtlandsfj\u00e4llen.<\/p>\n<p class=\"hyperion-css-1v9qo5x\">N\u00e4r det g\u00e4ller v\u00e4gtrafiken har Trafikverket inte m\u00e4rkt av n\u00e5gra st\u00f6rningar \u00e4n.<\/p>\n<p class=\"hyperion-css-1v9qo5x\">\u2013 Det ser r\u00e4tt s\u00e5 okej ut, tycker jag. Det \u00e4r v\u00e4l lite tidigt \u00e4nnu, men v\u00e5r uppmaning \u00e4r \u00e4nd\u00e5 att man ska h\u00e5lla sig inne s\u00e5 l\u00e4nge det \u00e4r som v\u00e4rst ute p\u00e5 v\u00e4garna med sn\u00f6 och bl\u00e5st, s\u00e4ger pressinformat\u00f6r Denny Josefsson p\u00e5 Trafikverket.<\/p>\n<p>Bandvagnar<\/p>\n<p class=\"hyperion-css-1v9qo5x\">Trafikverket har tillsammans med r\u00e4ddningstj\u00e4nsten tre bandvagnar och en tungb\u00e4rgare i beredskap mellan \u00c5re och \u00d6stersund.<\/p>\n<p class=\"hyperion-css-1v9qo5x\">\u2013 Det \u00e4r p\u00e5 den str\u00e4ckan d\u00e4r vi tillsammans med SMHI har sett att det kan bli som besv\u00e4rligast.<\/p>\n<p class=\"hyperion-css-1v9qo5x\">\u00c4ven Ecker\u00f6linjen och Destination Gotland har p\u00e5 grund av h\u00e5rt v\u00e4der st\u00e4llt in eller flyttat fram flera avg\u00e5ngar under l\u00f6rdagen och s\u00f6ndagen.<\/p>\n<p class=\"hyperion-css-1v9qo5x\">Stormen kommer \u00e4ven att k\u00e4nnas av l\u00e4ngre s\u00f6derut i landet. SMHI har utf\u00e4rdat en orange varning f\u00f6r stormbyar \u00e4ven i Dalarna, l\u00e4ngs Upplandskusten och p\u00e5 F\u00e5r\u00f6.<\/p>\n<p class=\"hyperion-css-1v9qo5x\">Stormen v\u00e4ntas kulminera efter lunch och enligt Trafikverket v\u00e4ntas t\u00e5gtrafiken p\u00e5 de avst\u00e4ngda banorna komma i g\u00e5ng successivt med start under eftermiddagen.<\/p>\n<p class=\"hyperion-css-1v9qo5x\">Ov\u00e4dret drabbar \u00e4ven Norge d\u00e4r E6 har st\u00e4ngts av i h\u00f6jd med Saltfjellet, vilket tvingar den som vill resa mellan norra och s\u00f6dra delen av landet att k\u00f6ra via Sverige, skriver VG.<\/p>\n<p class=\"hyperion-css-1v9qo5x\">\u00c5tminstone 6\u00a0000 abonnenter var utan str\u00f6m i Nordland, p\u00e5 andra sidan gr\u00e4nsen fr\u00e5n V\u00e4sterbotten och Norrbotten, under l\u00f6rdagsmorgonen, uppger NTB.<\/p>\n","protected":false},"excerpt":{"rendered":"Uppdaterad 08.29 | Publicerad 07.12 share-arrowDela unsaveSpara expand-left helsk\u00e4rmKraftig bl\u00e5st v\u00e4ntas i fj\u00e4llen under l\u00f6rdagen. Orange v\u00e4dervarning \u00e4r&hellip;\n","protected":false},"author":2,"featured_media":118164,"comment_status":"","ping_status":"","sticky":false,"template":"","format":"standard","meta":{"footnotes":""},"categories":[5],"tags":[22,23,26,27,17,21,24,25,28,29,15,16,18,34,31,33,32,30,19,20],"class_list":{"0":"post-118163","1":"post","2":"type-post","3":"status-publish","4":"format-standard","5":"has-post-thumbnail","7":"category-rubriker","8":"tag-breaking-news","9":"tag-breakingnews","10":"tag-featured-news","11":"tag-featurednews","12":"tag-headlines","13":"tag-huvudnyheter","14":"tag-latest-news","15":"tag-latestnews","16":"tag-main-news","17":"tag-mainnews","18":"tag-news","19":"tag-nyheter","20":"tag-rubriker","21":"tag-se","22":"tag-svenska","23":"tag-sverige","24":"tag-sweden","25":"tag-swedish","26":"tag-top-stories","27":"tag-topstories"},"share_on_mastodon":{"url":"https:\/\/pubeurope.com\/@se\/115790425858078295","error":""},"_links":{"self":[{"href":"https:\/\/www.europesays.com\/se\/wp-json\/wp\/v2\/posts\/118163","targetHints":{"allow":["GET"]}}],"collection":[{"href":"https:\/\/www.europesays.com\/se\/wp-json\/wp\/v2\/posts"}],"about":[{"href":"https:\/\/www.europesays.com\/se\/wp-json\/wp\/v2\/types\/post"}],"author":[{"embeddable":true,"href":"https:\/\/www.europesays.com\/se\/wp-json\/wp\/v2\/users\/2"}],"replies":[{"embeddable":true,"href":"https:\/\/www.europesays.com\/se\/wp-json\/wp\/v2\/comments?post=118163"}],"version-history":[{"count":0,"href":"https:\/\/www.europesays.com\/se\/wp-json\/wp\/v2\/posts\/118163\/revisions"}],"wp:featuredmedia":[{"embeddable":true,"href":"https:\/\/www.europesays.com\/se\/wp-json\/wp\/v2\/media\/118164"}],"wp:attachment":[{"href":"https:\/\/www.europesays.com\/se\/wp-json\/wp\/v2\/media?parent=118163"}],"wp:term":[{"taxonomy":"category","embeddable":true,"href":"https:\/\/www.europesays.com\/se\/wp-json\/wp\/v2\/categories?post=118163"},{"taxonomy":"post_tag","embeddable":true,"href":"https:\/\/www.europesays.com\/se\/wp-json\/wp\/v2\/tags?post=118163"}],"curies":[{"name":"wp","href":"https:\/\/api.w.org\/{rel}","templated":true}]}}