{"id":118165,"date":"2025-12-27T07:48:07","date_gmt":"2025-12-27T07:48:07","guid":{"rendered":"https:\/\/www.europesays.com\/se\/118165\/"},"modified":"2025-12-27T07:48:07","modified_gmt":"2025-12-27T07:48:07","slug":"favoriten-kanada-pressat-men-vann-premiarmatchen","status":"publish","type":"post","link":"https:\/\/www.europesays.com\/se\/118165\/","title":{"rendered":"Favoriten Kanada pressat \u2013 men vann premi\u00e4rmatchen"},"content":{"rendered":"<p>Favorittippade Kanada fick en bra start p\u00e5 junior-VM i ishockey. Laget blev pressat av Tjeckien men lyckades till slut vinna med 7\u20135. <\/p>\n<p>Zayne Parekh, som gick som nia i fjol\u00e5rets draft, stod f\u00f6r tv\u00e5 m\u00e5l som ledde till att Kanada v\u00e4nde underl\u00e4ge med 2\u20133 till ledning.<\/p>\n<p>De senaste tv\u00e5 JVM-vinnarna USA vann ocks\u00e5 sin \u00f6ppningsmatch. M\u00f6tet med Tyskland slutade 6\u20133.<\/p>\n<p>Omni \u00e4r politiskt obundna och oberoende. Vi str\u00e4var efter att ge fler perspektiv p\u00e5 nyheterna. Har du fr\u00e5gor eller synpunkter kring v\u00e5r rapportering? <a href=\"https:\/\/omni.se\/favoriten-kanada-pressat-men-vann-premiarmatchen\/a\/mailto:redaktion@omni.se\" class=\"ArticleActions_contactLink__W2F1M\" rel=\"nofollow noopener\" target=\"_blank\">Kontakta redaktionen<\/a><\/p>\n","protected":false},"excerpt":{"rendered":"Favorittippade Kanada fick en bra start p\u00e5 junior-VM i ishockey. Laget blev pressat av Tjeckien men lyckades till&hellip;\n","protected":false},"author":2,"featured_media":118166,"comment_status":"","ping_status":"","sticky":false,"template":"","format":"standard","meta":{"footnotes":""},"categories":[68],"tags":[1472,12653,34,111,110,31,33,32,30],"class_list":{"0":"post-118165","1":"post","2":"type-post","3":"status-publish","4":"format-standard","5":"has-post-thumbnail","7":"category-sport","8":"tag-ishockey","9":"tag-jvm-i-ishockey","10":"tag-se","11":"tag-sport","12":"tag-sports","13":"tag-svenska","14":"tag-sverige","15":"tag-sweden","16":"tag-swedish"},"share_on_mastodon":{"url":"https:\/\/pubeurope.com\/@se\/115790433687478689","error":""},"_links":{"self":[{"href":"https:\/\/www.europesays.com\/se\/wp-json\/wp\/v2\/posts\/118165","targetHints":{"allow":["GET"]}}],"collection":[{"href":"https:\/\/www.europesays.com\/se\/wp-json\/wp\/v2\/posts"}],"about":[{"href":"https:\/\/www.europesays.com\/se\/wp-json\/wp\/v2\/types\/post"}],"author":[{"embeddable":true,"href":"https:\/\/www.europesays.com\/se\/wp-json\/wp\/v2\/users\/2"}],"replies":[{"embeddable":true,"href":"https:\/\/www.europesays.com\/se\/wp-json\/wp\/v2\/comments?post=118165"}],"version-history":[{"count":0,"href":"https:\/\/www.europesays.com\/se\/wp-json\/wp\/v2\/posts\/118165\/revisions"}],"wp:featuredmedia":[{"embeddable":true,"href":"https:\/\/www.europesays.com\/se\/wp-json\/wp\/v2\/media\/118166"}],"wp:attachment":[{"href":"https:\/\/www.europesays.com\/se\/wp-json\/wp\/v2\/media?parent=118165"}],"wp:term":[{"taxonomy":"category","embeddable":true,"href":"https:\/\/www.europesays.com\/se\/wp-json\/wp\/v2\/categories?post=118165"},{"taxonomy":"post_tag","embeddable":true,"href":"https:\/\/www.europesays.com\/se\/wp-json\/wp\/v2\/tags?post=118165"}],"curies":[{"name":"wp","href":"https:\/\/api.w.org\/{rel}","templated":true}]}}