{"id":118167,"date":"2025-12-27T07:51:08","date_gmt":"2025-12-27T07:51:08","guid":{"rendered":"https:\/\/www.europesays.com\/se\/118167\/"},"modified":"2025-12-27T07:51:08","modified_gmt":"2025-12-27T07:51:08","slug":"experterna-om-nasta-ar-bostadspriserna-stiger","status":"publish","type":"post","link":"https:\/\/www.europesays.com\/se\/118167\/","title":{"rendered":"Experterna om n\u00e4sta \u00e5r: Bostadspriserna stiger"},"content":{"rendered":"<p>2026 v\u00e4ntas bostadspriserna stiga med omkring 5 procent, enligt experter som Placera talat med.<\/p>\n<p>\u2013 Prisniv\u00e5erna har \u00e5terh\u00e4mtat v\u00e5rens nedg\u00e5ng och i takt med att inkomsterna f\u00f6rb\u00e4ttras stiger bostadspriserna ytterligare, s\u00e4ger Danske Banks chefekonom Susanne Spector till Placera.<\/p>\n<p>\u00c4ven SBAB sp\u00e5r en uppg\u00e5ng p\u00e5 5 procent, medan Handelsbanken r\u00e4knar med 5\u20136 procent. Handelsbankens seniorekonom Helena Bornevall h\u00e4nvisar till st\u00e4rkt k\u00f6pkraft och \u00f6kad optimism efter l\u00e4ttade bol\u00e5nekrav.<\/p>\n<p>Omni \u00e4r politiskt obundna och oberoende. Vi str\u00e4var efter att ge fler perspektiv p\u00e5 nyheterna. Har du fr\u00e5gor eller synpunkter kring v\u00e5r rapportering? <a href=\"https:\/\/omni.se\/experterna-om-nasta-ar-bostadspriserna-stiger\/a\/mailto:redaktion@omni.se\" class=\"ArticleActions_contactLink__W2F1M\" rel=\"nofollow noopener\" target=\"_blank\">Kontakta redaktionen<\/a><\/p>\n","protected":false},"excerpt":{"rendered":"2026 v\u00e4ntas bostadspriserna stiga med omkring 5 procent, enligt experter som Placera talat med. \u2013 Prisniv\u00e5erna har \u00e5terh\u00e4mtat&hellip;\n","protected":false},"author":2,"featured_media":118168,"comment_status":"","ping_status":"","sticky":false,"template":"","format":"standard","meta":{"footnotes":""},"categories":[65],"tags":[730,72,70,71,5822,34,10985,31,33,32,30],"class_list":{"0":"post-118167","1":"post","2":"type-post","3":"status-publish","4":"format-standard","5":"has-post-thumbnail","7":"category-ekonomi","8":"tag-bostadspriser","9":"tag-business","10":"tag-economy","11":"tag-ekonomi","12":"tag-handelsbanken","13":"tag-se","14":"tag-susanne-spector","15":"tag-svenska","16":"tag-sverige","17":"tag-sweden","18":"tag-swedish"},"share_on_mastodon":{"url":"https:\/\/pubeurope.com\/@se\/115790445483763576","error":""},"_links":{"self":[{"href":"https:\/\/www.europesays.com\/se\/wp-json\/wp\/v2\/posts\/118167","targetHints":{"allow":["GET"]}}],"collection":[{"href":"https:\/\/www.europesays.com\/se\/wp-json\/wp\/v2\/posts"}],"about":[{"href":"https:\/\/www.europesays.com\/se\/wp-json\/wp\/v2\/types\/post"}],"author":[{"embeddable":true,"href":"https:\/\/www.europesays.com\/se\/wp-json\/wp\/v2\/users\/2"}],"replies":[{"embeddable":true,"href":"https:\/\/www.europesays.com\/se\/wp-json\/wp\/v2\/comments?post=118167"}],"version-history":[{"count":0,"href":"https:\/\/www.europesays.com\/se\/wp-json\/wp\/v2\/posts\/118167\/revisions"}],"wp:featuredmedia":[{"embeddable":true,"href":"https:\/\/www.europesays.com\/se\/wp-json\/wp\/v2\/media\/118168"}],"wp:attachment":[{"href":"https:\/\/www.europesays.com\/se\/wp-json\/wp\/v2\/media?parent=118167"}],"wp:term":[{"taxonomy":"category","embeddable":true,"href":"https:\/\/www.europesays.com\/se\/wp-json\/wp\/v2\/categories?post=118167"},{"taxonomy":"post_tag","embeddable":true,"href":"https:\/\/www.europesays.com\/se\/wp-json\/wp\/v2\/tags?post=118167"}],"curies":[{"name":"wp","href":"https:\/\/api.w.org\/{rel}","templated":true}]}}