{"id":118169,"date":"2025-12-27T07:52:11","date_gmt":"2025-12-27T07:52:11","guid":{"rendered":"https:\/\/www.europesays.com\/se\/118169\/"},"modified":"2025-12-27T07:52:11","modified_gmt":"2025-12-27T07:52:11","slug":"en-trendande-jesus-en-svensk-pavekandidat-och-ett-orebro-i-sorg","status":"publish","type":"post","link":"https:\/\/www.europesays.com\/se\/118169\/","title":{"rendered":"En trendande Jesus, en svensk p\u00e5vekandidat och ett \u00d6rebro i sorg"},"content":{"rendered":"<p class=\"kicker color_mobile_no_bg_color tertiary color_mobile_tertiary\" style=\"\">Nyheter<\/p>\n<p>    Vad minns du fr\u00e5n \u00e5ret som g\u00e5tt? H\u00e4r kommer en summering<\/p>\n<p>\n        The Send var en av m\u00e5nga konferenser f\u00f6r unga kristna under \u00e5ret. Ett hav av ljus som s\u00f6rjande l\u00e4mnat p\u00e5 minnesplatsen utanf\u00f6r skolan f\u00f6r att hedra offren i skolskjutningen p\u00e5 Risbergska skolan i \u00d6rebro. Nye p\u00e5ven Leo XIV vinkar p\u00e5 Petersplatsen i Rom.<br \/>\n        Pressbild, Pavel Koubek\/TT, Andrew Medichini\/TT\n    <\/p>\n<p>    \u00c5r 2025 blev \u00e5ret d\u00e5 Jesus trendade och en v\u00e5g av hopp och optimism svepte in \u00f6ver svensk kristenhet. Det var ocks\u00e5 \u00e5ret d\u00e5 det spekulerades i om vi skulle f\u00e5 en svensk p\u00e5ve, \u00e5ret d\u00e5 kyrkorna i \u00d6rebro fick spela en viktig roll efter skolskjutningen p\u00e5 Risbergska skolan och \u00e5ret d\u00e5 man b\u00f6rjade prata om fred efter tv\u00e5 \u00e5rs krig i Gaza.<\/p>\n","protected":false},"excerpt":{"rendered":"Nyheter Vad minns du fr\u00e5n \u00e5ret som g\u00e5tt? H\u00e4r kommer en summering The Send var en av m\u00e5nga&hellip;\n","protected":false},"author":2,"featured_media":118170,"comment_status":"","ping_status":"","sticky":false,"template":"","format":"standard","meta":{"footnotes":""},"categories":[14],"tags":[22,23,26,27,17,21,24,25,28,29,15,16,18,34,31,33,32,30,19,20,51,52,53,54],"class_list":{"0":"post-118169","1":"post","2":"type-post","3":"status-publish","4":"format-standard","5":"has-post-thumbnail","7":"category-varlden","8":"tag-breaking-news","9":"tag-breakingnews","10":"tag-featured-news","11":"tag-featurednews","12":"tag-headlines","13":"tag-huvudnyheter","14":"tag-latest-news","15":"tag-latestnews","16":"tag-main-news","17":"tag-mainnews","18":"tag-news","19":"tag-nyheter","20":"tag-rubriker","21":"tag-se","22":"tag-svenska","23":"tag-sverige","24":"tag-sweden","25":"tag-swedish","26":"tag-top-stories","27":"tag-topstories","28":"tag-varlden","29":"tag-world","30":"tag-world-news","31":"tag-worldnews"},"share_on_mastodon":{"url":"https:\/\/pubeurope.com\/@se\/115790449512688425","error":""},"_links":{"self":[{"href":"https:\/\/www.europesays.com\/se\/wp-json\/wp\/v2\/posts\/118169","targetHints":{"allow":["GET"]}}],"collection":[{"href":"https:\/\/www.europesays.com\/se\/wp-json\/wp\/v2\/posts"}],"about":[{"href":"https:\/\/www.europesays.com\/se\/wp-json\/wp\/v2\/types\/post"}],"author":[{"embeddable":true,"href":"https:\/\/www.europesays.com\/se\/wp-json\/wp\/v2\/users\/2"}],"replies":[{"embeddable":true,"href":"https:\/\/www.europesays.com\/se\/wp-json\/wp\/v2\/comments?post=118169"}],"version-history":[{"count":0,"href":"https:\/\/www.europesays.com\/se\/wp-json\/wp\/v2\/posts\/118169\/revisions"}],"wp:featuredmedia":[{"embeddable":true,"href":"https:\/\/www.europesays.com\/se\/wp-json\/wp\/v2\/media\/118170"}],"wp:attachment":[{"href":"https:\/\/www.europesays.com\/se\/wp-json\/wp\/v2\/media?parent=118169"}],"wp:term":[{"taxonomy":"category","embeddable":true,"href":"https:\/\/www.europesays.com\/se\/wp-json\/wp\/v2\/categories?post=118169"},{"taxonomy":"post_tag","embeddable":true,"href":"https:\/\/www.europesays.com\/se\/wp-json\/wp\/v2\/tags?post=118169"}],"curies":[{"name":"wp","href":"https:\/\/api.w.org\/{rel}","templated":true}]}}