{"id":118171,"date":"2025-12-27T07:53:14","date_gmt":"2025-12-27T07:53:14","guid":{"rendered":"https:\/\/www.europesays.com\/se\/118171\/"},"modified":"2025-12-27T07:53:14","modified_gmt":"2025-12-27T07:53:14","slug":"morgonens-nyheter-slalomklubbens-turbulenta-ar-bil-voltade-pa-e16-i-natt-da-oppnar-nya-matbutiken","status":"publish","type":"post","link":"https:\/\/www.europesays.com\/se\/118171\/","title":{"rendered":"MORGONENS NYHETER: Slalomklubbens turbulenta \u00e5r \u2022 Bil voltade p\u00e5 E16 i natt \u2022 D\u00e5 \u00f6ppnar nya matbutiken"},"content":{"rendered":"<p class=\"mb-4 mx-auto max-w-xl\"><strong>Vill du f\u00e5 en snabb nyhetsuppdatering kring l\u00e4get i V\u00e4rmland? H\u00e4r \u00e4r morgonens nyheter.<\/strong><\/p>\n<p class=\"break-words mb-4 mx-auto max-w-xl\">H\u00f6ga berg och djupa dalar. \u00c5rj\u00e4ngs slalomklubb har varit med om det mesta under 2025. Fr\u00e5n inbrott och sabotage till historiska miljonsatsningar.<\/p>\n<p><a class=\"in-article-link mb-4 mx-auto max-w-xl text-gray-900 hover:text-gray-900\/70 dark:text-gray-50 dark:hover:text-gray-50\/70\" href=\"https:\/\/www.nwt.se\/2025\/12\/27\/slalomklubbens-turbulenta-ar-fran-inbrott-och-sabotage-till-miljonsatsning-herregud-48ae2\/\" rel=\"nofollow noopener\" target=\"_blank\">Slalomklubbens turbulenta \u00e5r \u2013 fr\u00e5n inbrott och sabotage till miljonsatsning: \u201dHerregud\u201d<\/a><\/p>\n<p class=\"break-words mb-4 mx-auto max-w-xl\">Tidigt p\u00e5 l\u00f6rdagsmorgonen intr\u00e4ffade en singelolycka med personbil p\u00e5 E16 i Torsby kommun.<\/p>\n<p><a class=\"in-article-link mb-4 mx-auto max-w-xl text-gray-900 hover:text-gray-900\/70 dark:text-gray-50 dark:hover:text-gray-50\/70\" href=\"https:\/\/www.nwt.se\/2025\/12\/27\/bil-voltade-pa-e16-en-person-ford-till-sjukhus-bb934\/\" rel=\"nofollow noopener\" target=\"_blank\">Bil voltade p\u00e5 E16 i natt \u2013 v\u00e4xelvis trafik<\/a><\/p>\n<p class=\"break-words mb-4 mx-auto max-w-xl\">Nu \u00e4r det klart med \u00f6ppningsdatum f\u00f6r nya Ica Maxi i Arvika. Om tv\u00e5 m\u00e5nader sl\u00e5r butiken upp portarna.<\/p>\n<p><a class=\"in-article-link mb-4 mx-auto max-w-xl text-gray-900 hover:text-gray-900\/70 dark:text-gray-50 dark:hover:text-gray-50\/70\" href=\"https:\/\/www.nwt.se\/2025\/12\/27\/datum-klart-da-oppnar-nya-matbutiken-4a8d8\/\" rel=\"nofollow noopener\" target=\"_blank\">Datum klart \u2013 d\u00e5 \u00f6ppnar nya matbutiken<\/a><\/p>\n","protected":false},"excerpt":{"rendered":"Vill du f\u00e5 en snabb nyhetsuppdatering kring l\u00e4get i V\u00e4rmland? H\u00e4r \u00e4r morgonens nyheter. H\u00f6ga berg och djupa&hellip;\n","protected":false},"author":2,"featured_media":118172,"comment_status":"","ping_status":"","sticky":false,"template":"","format":"standard","meta":{"footnotes":""},"categories":[12],"tags":[22,23,26,27,17,21,24,25,28,29,15,16,18,34,31,33,32,30,19,20],"class_list":{"0":"post-118171","1":"post","2":"type-post","3":"status-publish","4":"format-standard","5":"has-post-thumbnail","7":"category-sverige","8":"tag-breaking-news","9":"tag-breakingnews","10":"tag-featured-news","11":"tag-featurednews","12":"tag-headlines","13":"tag-huvudnyheter","14":"tag-latest-news","15":"tag-latestnews","16":"tag-main-news","17":"tag-mainnews","18":"tag-news","19":"tag-nyheter","20":"tag-rubriker","21":"tag-se","22":"tag-svenska","23":"tag-sverige","24":"tag-sweden","25":"tag-swedish","26":"tag-top-stories","27":"tag-topstories"},"share_on_mastodon":{"url":"https:\/\/pubeurope.com\/@se\/115790453355871530","error":""},"_links":{"self":[{"href":"https:\/\/www.europesays.com\/se\/wp-json\/wp\/v2\/posts\/118171","targetHints":{"allow":["GET"]}}],"collection":[{"href":"https:\/\/www.europesays.com\/se\/wp-json\/wp\/v2\/posts"}],"about":[{"href":"https:\/\/www.europesays.com\/se\/wp-json\/wp\/v2\/types\/post"}],"author":[{"embeddable":true,"href":"https:\/\/www.europesays.com\/se\/wp-json\/wp\/v2\/users\/2"}],"replies":[{"embeddable":true,"href":"https:\/\/www.europesays.com\/se\/wp-json\/wp\/v2\/comments?post=118171"}],"version-history":[{"count":0,"href":"https:\/\/www.europesays.com\/se\/wp-json\/wp\/v2\/posts\/118171\/revisions"}],"wp:featuredmedia":[{"embeddable":true,"href":"https:\/\/www.europesays.com\/se\/wp-json\/wp\/v2\/media\/118172"}],"wp:attachment":[{"href":"https:\/\/www.europesays.com\/se\/wp-json\/wp\/v2\/media?parent=118171"}],"wp:term":[{"taxonomy":"category","embeddable":true,"href":"https:\/\/www.europesays.com\/se\/wp-json\/wp\/v2\/categories?post=118171"},{"taxonomy":"post_tag","embeddable":true,"href":"https:\/\/www.europesays.com\/se\/wp-json\/wp\/v2\/tags?post=118171"}],"curies":[{"name":"wp","href":"https:\/\/api.w.org\/{rel}","templated":true}]}}