{"id":118173,"date":"2025-12-27T07:56:23","date_gmt":"2025-12-27T07:56:23","guid":{"rendered":"https:\/\/www.europesays.com\/se\/118173\/"},"modified":"2025-12-27T07:56:23","modified_gmt":"2025-12-27T07:56:23","slug":"friidrotten-starkt-representerad-pa-idrottsgalan","status":"publish","type":"post","link":"https:\/\/www.europesays.com\/se\/118173\/","title":{"rendered":"Friidrotten starkt representerad p\u00e5 Idrottsgalan"},"content":{"rendered":"<p class=\"preamble\">&#13;<br \/>\n\t\t\t\t\tMed sex friidrottare bland de nominerade kan 2026 \u00e5rs Idrottsgala bli en riktigt trevlig historia f\u00f6r Svensk Friidrott. A Lennart Julin g\u00f6r h\u00e4r en historisk expos\u00e9 \u00f6ver nominerade friidrottare genom tiderna. &#13;\n\t\t\t\t<\/p>\n<p>Onsdagen den 21 januari 2026 \u00e4r det dags igen f\u00f6r den \u00e5rliga Idrottsgalan. Tillbaka i renoverade Avicii Arena ska den samlade svenska idrottsr\u00f6relsen under festliga former f\u00f6r 27:e g\u00e5ngen hylla och premiera sina fr\u00e4msta fr\u00e5n det g\u00e5ngna \u00e5ret.<\/p>\n<p>Och den friidrottsintresserade b\u00f6r absolut boka in den kv\u00e4llen redan nu \u2013 galan direkts\u00e4nds precis som tidigare \u00e5r i SVT. F\u00f6r n\u00e4r nomineringarna till galans egna \u00c5rets-utm\u00e4rkelser offentliggjordes var friidrotten gl\u00e4djande nog representerad i fyra av de sex priskategorierna:<\/p>\n<p>Ja, det var var till och med dubbla nomineringar i tv\u00e5 klasser: F\u00f6r i s\u00e5v\u00e4l \u201d\u00c5rets manliga\u201d som \u201d\u00c5rets prestation\u201d stod friidrotten f\u00f6r h\u00e4lften av de fyra nomineringarna genom Mondo Duplantis och Andreas Almgren respektive Duplantis och Daniel St\u00e5hl.\u00a0<\/p>\n<p>\u00d6vriga friidrottsnamn i nomineringslistorna \u00e4r Engla Nilsson i \u201d\u00c5rets nykomling\u201d och Helena och Greg Duplantis i \u201d\u00c5rets ledare\u201d.\u00a0<\/p>\n<p>Idrottsakademins r\u00f6stning avg\u00f6r<\/p>\n<p>Hur m\u00e5nga och i s\u00e5 fall vilka av dessa fyra \u00c5rets-utm\u00e4rkelser som till slut kommer att g\u00e5 till friidrotten avg\u00f6rs genom en omr\u00f6stning i Svenska Idrottsakademin. En sammanslutning av n\u00e4rmare trehundra \u201didrottsm\u00e4nniskor\u201d \u2013 tidigare elitaktiva f\u00f6rst\u00e5s men ocks\u00e5 ledare och tr\u00e4nare liksom journalister och andra idrottsentusiaster.<\/p>\n<p>Sex nomineringar av tjugo m\u00f6jliga inneb\u00e4r att friidrotten allts\u00e5 stod f\u00f6r hela 30 % av alla nomineringar i de fem \u00c5rets-kategorier som \u00e4r aktuella f\u00f6r en individuell idrott som v\u00e5r. Ett anm\u00e4rkningsv\u00e4rt facit som visar att 2025 kom att ett anm\u00e4rkningsv\u00e4rt \u00e5r f\u00f6r friidrotten.<\/p>\n<p>Hur anm\u00e4rkningsv\u00e4rt kan man fr\u00e5ga sig och svar g\u00e5r att f\u00e5 tack vare att man nu kan j\u00e4mf\u00f6ra med en drygt kvartsskell\u00e5ng historia. En s\u00e5dan analys visar d\u00e5 \u2013 f\u00f6ga \u00f6verraskande \u2013 att 00-talet var en \u201dguld\u00e5lder\u201d ocks\u00e5 m\u00e4tt i antal nomineringar p\u00e5 Idrottsgalan.<\/p>\n<p>Fler nomineringar senast f\u00f6r 18 \u00e5r sedan<\/p>\n<p>Perioden 2001-2007 l\u00e5g n\u00e4mligen snittet p\u00e5 drygt sex per \u00e5r! Toppnoteringen kom 2003 med \u00e5tta nomineringar skuggat av 2004, 2005 och 2007 med vardera sju. Men med sina sex sedan f\u00f6ljer allts\u00e5 2025 \u2013 tillsammans med 2020 \u2013 p\u00e5 en delad femteplats.\u00a0<\/p>\n<p>\u00a0<\/p>\n<\/p>\n<p>Just nomineringarna \u00e4r ett faktiskt ett bra redskap f\u00f6r att analysera hur svensk friidrott h\u00e4vdar sig mot alla andra idrotter i landet avseende internationellt g\u00e5ngbar toppkvalitet. Det ger helt enkelt en mer nyanserad bild \u00e4n om man bara skulle titta bara p\u00e5 antalet \u201dtitlar\u201d.<\/p>\n<p>Diagrammet nedan \u00f6ver hur friidrottens antal nomineringar i de fem aktuella \u00c5rets-kategorierna varierat under perioden 1999-2025 ger spontant en bild av att friidrotten skulle leva i 9-\u00e5rscykler: 1999-2008 hade 50 nomineringar, 2009-2017 sedan 11 nomineringar och 2018-2025 d\u00e4refter 38 nomineringar:<\/p>\n<p><img decoding=\"async\" class=\"rte-img\" loading=\"lazy\" alt=\"\" src=\"https:\/\/www.europesays.com\/se\/wp-content\/uploads\/2025\/12\/idrottsgalannomineringar.jpg\" width=\"745\" height=\"439\"\/><\/p>\n<p>Men det m\u00f6nstret \u00e4r en slags synvilla genererad av slumpen och inte uttryck f\u00f6r n\u00e5gon reell naturlag typ solfl\u00e4ckarnas 11-\u00e5rscykel. Vad vi ser \u00e4r i st\u00e4llet effekten av enskilda exceptionella individer och n\u00e4r de r\u00e5kar ha sina b\u00e4sta \u00e5r:<\/p>\n<p>Under den f\u00f6rsta perioden svarade Kajsa Bergqvist f\u00f6r \u00e5tta, Carolina Kl\u00fcft sju och Christian Olsson och Stefan Holm vardera fem nomineringar plus att framg\u00e5ngarna de hade som spin-off genererade tretton nomineringar f\u00f6r deras tr\u00e4nare och ledare.<\/p>\n<p>Under den nuvarande perioden handlar det som bekant framf\u00f6rallt om Mondo Duplantis (fjorton!!) och Daniel St\u00e5hl (sju) vars prestationer i sin tur lyft fram deras tr\u00e4nare\/ledare (sju).\u00a0<\/p>\n<p>Mondo \u00e5tta raka nomineringar!<\/p>\n<p>Vad g\u00e4ller de tv\u00e5 mest prestigefyllda kategorierna \u2013 \u00c5rets manliga och \u00c5rets kvinnliga \u2013 \u00e4r det \u201dindividskapade\u201d m\u00f6nstret ocks\u00e5 mycket tydligt:\u00a0<\/p>\n<p>Bland m\u00e4nnen inga nomineringar alls 2008-2016. Dessf\u00f6rinnan hade Christian Olsson och Stefan Holm haft fem resp tre nomineringar och sedan 2017 har Daniel St\u00e5hl fem och Mondo Duplantis har sedan 2018 fixat \u00e5tta (raka!)! Och i \u00e5r \u2013 f\u00f6r \u00f6vrigt elva \u00e5r efter en Nykomlings-nominering som 800m-l\u00f6pare \u2013 har Andreas Almgren allts\u00e5 blivit v\u00e5r femte kandidat hittills i \u201d\u00c5rets manliga\u201d.<\/p>\n<p>Bland kvinnorna har vi haft totalt tretton nomineringar varav elva under den f\u00f6rsta \u201dguld\u00e5ldern\u201d tack vare Kajsa Bergqvist och Carolina Kl\u00fcft fyra vardera, Sanna Kallur tv\u00e5 och Ludmila Engquist en. Men sedan 2008 har det blivit endast tv\u00e5 ytterligare \u2013 Abeba Aregwi 2013 och Meraf Bahta 2014.<\/p>\n<p>20 olika friidrottare har nominerats i Nykomling!<\/p>\n<p>Den \u00c5rets-kategori d\u00e4r friidrotten haft b\u00e4st kontinuitet \u00e4r Nykomling! Detta trots att prisets karakt\u00e4r g\u00f6r att man aldrig kan bli aktuell mer \u00e4n en g\u00e5ng. \u00c4nd\u00e5 har friidrotten \u2013 i konkurrens med alla andra idrotter \u2013 st\u00e5tt f\u00f6r en av fyra nominerade vid inte mindre \u00e4n 20 tillf\u00e4llen av 27 m\u00f6jliga!\u00a0<\/p>\n<p>Hur sv\u00e5rt det faktiskt alltid \u00e4r att f\u00f6rutsp\u00e5 utveckling illustreras dock av att tv\u00e5 som skulle komma att bli bland v\u00e5ra allra st\u00f6rsta \u2013 Carolina Kl\u00fcft och Christian Olsson \u2013 varit nominerade till \u00c5rets nykomling men d\u00e5 inte f\u00e5tt den utm\u00e4rkelsen! Av nutidens tv\u00e5 toppnamn blev Mondo Duplantis vinnare 2017 medan Danel St\u00e5hl aldrig nominerades i den kategorin.<\/p>\n<p>Sammanfattar man dessa 27 \u00e5r har friidrotten totalt haft 99 av 540 nomineringar, vilket motsvarar 18.3 %. P\u00e5 kategoriniv\u00e5 ser det ut s\u00e5 h\u00e4r: M\u00e4n 22 av 108 (20.4 %), Kvinnor 13 av 108 (12.0 %), Nykomling 20 av 108 (18.5 %), Prestation 24 av 108 (22.2 %) och Ledare 20 av 108 (18.5 %).<\/p>\n<p>Dags f\u00f6r vinnare nr 40?<\/p>\n<p>Totalantalet vinnartrof\u00e9er f\u00f6r friidrotten i dessa fem kategorier de f\u00f6rsta 26 \u00e5ren har varit 39 st (dvs i snitt 1\u00bd per \u00e5r!) f\u00f6rdelade p\u00e5 tio f\u00f6r M\u00e4n, fyra f\u00f6r Kvinnor, nio f\u00f6r Nykomling, tio f\u00f6r Prestation och sex f\u00f6r Ledare.<\/p>\n<p class=\"MsoNormal\">F\u00f6r besked om idrotts\u00e5ret 2025 kommer att ge p\u00e5fyllning p\u00e5 dessa segerkonton m\u00e5ste vi allts\u00e5 ge oss till t\u00e5ls till kv\u00e4llen den 21 januari. F\u00f6r det \u00e4r d\u00e5 den svenska idrottsfamiljen tr\u00e4ffas i Avicii Arena f\u00f6r den 27:e Idrottsgalan.<\/p>\n<p class=\"MsoNormal\">\/A Lennart Julin<\/p>\n","protected":false},"excerpt":{"rendered":"&#13; Med sex friidrottare bland de nominerade kan 2026 \u00e5rs Idrottsgala bli en riktigt trevlig historia f\u00f6r Svensk&hellip;\n","protected":false},"author":2,"featured_media":118174,"comment_status":"","ping_status":"","sticky":false,"template":"","format":"standard","meta":{"footnotes":""},"categories":[68],"tags":[34,111,110,31,33,32,30],"class_list":{"0":"post-118173","1":"post","2":"type-post","3":"status-publish","4":"format-standard","5":"has-post-thumbnail","7":"category-sport","8":"tag-se","9":"tag-sport","10":"tag-sports","11":"tag-svenska","12":"tag-sverige","13":"tag-sweden","14":"tag-swedish"},"share_on_mastodon":{"url":"https:\/\/pubeurope.com\/@se\/115790465324521884","error":""},"_links":{"self":[{"href":"https:\/\/www.europesays.com\/se\/wp-json\/wp\/v2\/posts\/118173","targetHints":{"allow":["GET"]}}],"collection":[{"href":"https:\/\/www.europesays.com\/se\/wp-json\/wp\/v2\/posts"}],"about":[{"href":"https:\/\/www.europesays.com\/se\/wp-json\/wp\/v2\/types\/post"}],"author":[{"embeddable":true,"href":"https:\/\/www.europesays.com\/se\/wp-json\/wp\/v2\/users\/2"}],"replies":[{"embeddable":true,"href":"https:\/\/www.europesays.com\/se\/wp-json\/wp\/v2\/comments?post=118173"}],"version-history":[{"count":0,"href":"https:\/\/www.europesays.com\/se\/wp-json\/wp\/v2\/posts\/118173\/revisions"}],"wp:featuredmedia":[{"embeddable":true,"href":"https:\/\/www.europesays.com\/se\/wp-json\/wp\/v2\/media\/118174"}],"wp:attachment":[{"href":"https:\/\/www.europesays.com\/se\/wp-json\/wp\/v2\/media?parent=118173"}],"wp:term":[{"taxonomy":"category","embeddable":true,"href":"https:\/\/www.europesays.com\/se\/wp-json\/wp\/v2\/categories?post=118173"},{"taxonomy":"post_tag","embeddable":true,"href":"https:\/\/www.europesays.com\/se\/wp-json\/wp\/v2\/tags?post=118173"}],"curies":[{"name":"wp","href":"https:\/\/api.w.org\/{rel}","templated":true}]}}