{"id":118177,"date":"2025-12-27T08:02:14","date_gmt":"2025-12-27T08:02:14","guid":{"rendered":"https:\/\/www.europesays.com\/se\/118177\/"},"modified":"2025-12-27T08:02:14","modified_gmt":"2025-12-27T08:02:14","slug":"26-december-08-15-sammanfattning-natt-norrbottens-lan-polisen-se","status":"publish","type":"post","link":"https:\/\/www.europesays.com\/se\/118177\/","title":{"rendered":"26 december 08.15, Sammanfattning natt, Norrbottens l\u00e4n &#8211; Polisen.se"},"content":{"rendered":"<ol>\n<li><a href=\"https:\/\/news.google.com\/rss\/articles\/CBMirgFBVV95cUxOM3RwYXgwSlNkQkxEd1hIaUZnWkJSc0psN1g1ZWhoVnBwREZFSm11LXlFNnZpbGpfRlNSV2E0T1lNZVVmcHpkM1JQYXMteWtPSVZTQWQyR0cxTTE4ZzMwaVZRbFViQXZMN2tmYjJoeTZlOGZRWGJkZktCVFZLVEtvX2FvODhLY2RDcEhGMk9IR2FFS2lJRU1VNGhvbmxldUVmNXZMdWs2cW1PWlQwSWc?oc=5\" target=\"_blank\" rel=\"nofollow noopener\">26 december 08.15, Sammanfattning natt, Norrbottens l\u00e4n<\/a>&nbsp;&nbsp;Polisen.se<\/li>\n<li><a href=\"https:\/\/news.google.com\/rss\/articles\/CBMiogFBVV95cUxNRlQwc1lsZGF5bFd0dzdMaV8xZy1UeXI5MmJYMEkwczZIeTE1U2xJQ1hwSnVVSG0zaEoxX1Q4Z0puOUZuS2V1a2VLWFZ1VEplcTVJYUNSVldZMnlPUnRfRlRjSFhRMVZmR1E3c2wxanZ4U1pxR1pnMzl1QzhDN3NGQlhEYWM1UHhDc1hEeFhKVmtzR0tsbnQ3SWNJR184UWhjVlE?oc=5\" target=\"_blank\" rel=\"nofollow noopener\">Fylla och skadeg\u00f6relse: S\u00e5 var natten f\u00f6r polisen<\/a>&nbsp;&nbsp;NSD<\/li>\n<li><a href=\"https:\/\/news.google.com\/rss\/articles\/CBMimwFBVV95cUxOZzg2TzM4eHRrbmlIb3hCc1g1REtHcEdqY3FiNUpzMWotLXdvQWpKc3Y0Ri1uLUlYNi1sLXZEY3BNOXd5bDJWRTU5R2JjT01VTHlfNDJDbmxwYXhNVk9FTHMxeHpFNVFsSENWV3F2eTNBdEJhV1pvSE5FRFRpbkpWS1I5TExuZFlaRU5oS0RHLVNNWnBYXzJ4c1pkUQ?oc=5\" target=\"_blank\" rel=\"nofollow noopener\">Tv\u00e5 fall av olaga hot under juldagsnatten<\/a>&nbsp;&nbsp;Pite\u00e5-tidningen<\/li>\n<li><a href=\"https:\/\/news.google.com\/rss\/articles\/CBMiyAFBVV95cUxNaTQ0YUtiY250ZzJkWThpLUJUUkxhQ2ZpcF9ma0U5LTA1WXVjMWhEUXJvSk1Fb2lDdzI2ZHZJTGt5bGZsN2std2xVMU9veklWQWxXQUNTQVVhV0FQdnkybzJoMUVZV2NYWWJSRzhEdWhrOGZUUjRTa1R5N1Rab2NkQ3JNbmRWSXZMOWtZTG1HQndpQ2FaQTdTWXh5UkJPcHVwVUhpR1RnWl9zbFJpWnlFX3BUUzAzdlhiTWpFYWt2aHBRVVJWM3dpRg?oc=5\" target=\"_blank\" rel=\"nofollow noopener\">Ett urval av polisens arbete under natten.<\/a>&nbsp;&nbsp;Brottsplatskartan.se<\/li>\n<li><a href=\"https:\/\/news.google.com\/rss\/articles\/CBMi3wFBVV95cUxPZmF6bkVYeEZ3VFFYYmRLbVRBYlZXbUNPV2NJUXNaNHpMM2Q3SXVQbHVUQmdvaGZFYzFuSURoLW1zVTFwM1MzakZIR2tyYi1xNjhZdV93U01IVExJVldydTdTQkc3cXpOWjBuZ2tiamx3b3k3b3lmZVNpMXRrOW5UYXRuRzJBcHRYU0UzaXVZbzc0dU1Zamx4UWkwamZCaUlxUldNTXg2OXVqWEpZYUl4cm9RVW5vdmozZ3l3eVJtN0toLWMzWEU5cEdCNUk0LW4xcUdJM3hXbzRoTC1YMG1r?oc=5\" target=\"_blank\" rel=\"nofollow noopener\">Norrbotten, ett urval av nattens polisverksamhet<\/a>&nbsp;&nbsp;Brottsplatskartan.se<\/li>\n<\/ol>\n","protected":false},"excerpt":{"rendered":"26 december 08.15, Sammanfattning natt, Norrbottens l\u00e4n&nbsp;&nbsp;Polisen.se Fylla och skadeg\u00f6relse: S\u00e5 var natten f\u00f6r polisen&nbsp;&nbsp;NSD Tv\u00e5 fall av&hellip;\n","protected":false},"author":2,"featured_media":54,"comment_status":"","ping_status":"","sticky":false,"template":"","format":"standard","meta":{"footnotes":""},"categories":[12],"tags":[22,23,26,27,17,21,24,25,28,29,15,16,18,34,31,33,32,30,19,20],"class_list":{"0":"post-118177","1":"post","2":"type-post","3":"status-publish","4":"format-standard","5":"has-post-thumbnail","7":"category-sverige","8":"tag-breaking-news","9":"tag-breakingnews","10":"tag-featured-news","11":"tag-featurednews","12":"tag-headlines","13":"tag-huvudnyheter","14":"tag-latest-news","15":"tag-latestnews","16":"tag-main-news","17":"tag-mainnews","18":"tag-news","19":"tag-nyheter","20":"tag-rubriker","21":"tag-se","22":"tag-svenska","23":"tag-sverige","24":"tag-sweden","25":"tag-swedish","26":"tag-top-stories","27":"tag-topstories"},"share_on_mastodon":{"url":"https:\/\/pubeurope.com\/@se\/115790488860244468","error":""},"_links":{"self":[{"href":"https:\/\/www.europesays.com\/se\/wp-json\/wp\/v2\/posts\/118177","targetHints":{"allow":["GET"]}}],"collection":[{"href":"https:\/\/www.europesays.com\/se\/wp-json\/wp\/v2\/posts"}],"about":[{"href":"https:\/\/www.europesays.com\/se\/wp-json\/wp\/v2\/types\/post"}],"author":[{"embeddable":true,"href":"https:\/\/www.europesays.com\/se\/wp-json\/wp\/v2\/users\/2"}],"replies":[{"embeddable":true,"href":"https:\/\/www.europesays.com\/se\/wp-json\/wp\/v2\/comments?post=118177"}],"version-history":[{"count":0,"href":"https:\/\/www.europesays.com\/se\/wp-json\/wp\/v2\/posts\/118177\/revisions"}],"wp:featuredmedia":[{"embeddable":true,"href":"https:\/\/www.europesays.com\/se\/wp-json\/wp\/v2\/media\/54"}],"wp:attachment":[{"href":"https:\/\/www.europesays.com\/se\/wp-json\/wp\/v2\/media?parent=118177"}],"wp:term":[{"taxonomy":"category","embeddable":true,"href":"https:\/\/www.europesays.com\/se\/wp-json\/wp\/v2\/categories?post=118177"},{"taxonomy":"post_tag","embeddable":true,"href":"https:\/\/www.europesays.com\/se\/wp-json\/wp\/v2\/tags?post=118177"}],"curies":[{"name":"wp","href":"https:\/\/api.w.org\/{rel}","templated":true}]}}