{"id":118184,"date":"2025-12-27T08:11:09","date_gmt":"2025-12-27T08:11:09","guid":{"rendered":"https:\/\/www.europesays.com\/se\/118184\/"},"modified":"2025-12-27T08:11:09","modified_gmt":"2025-12-27T08:11:09","slug":"man-anhallen-for-grov-misshandel-i-nykoping","status":"publish","type":"post","link":"https:\/\/www.europesays.com\/se\/118184\/","title":{"rendered":"Man anh\u00e5llen f\u00f6r grov misshandel i Nyk\u00f6ping"},"content":{"rendered":"<p>Vid klockan 01.18 p\u00e5 l\u00f6rdagsdygnet slog ordningsvakten larm till polisen.Enligt anm\u00e4lan har en man kastat &#8221;ett vasst f\u00f6rem\u00e5l&#8221; rakt i huvudet p\u00e5 en annan man som befann sig i n\u00e4rheten.\u00a0Polisen vill inte g\u00e5 ut med n\u00e4rmare information om vad det \u00e4r f\u00f6r f\u00f6rem\u00e5l, men ytterligare tre personer har f\u00e5tt glassplitter p\u00e5 sig i samband med h\u00e4ndelsen.\u00a0\u2013 Vi betraktar det h\u00e4r som e<\/p>\n","protected":false},"excerpt":{"rendered":"Vid klockan 01.18 p\u00e5 l\u00f6rdagsdygnet slog ordningsvakten larm till polisen.Enligt anm\u00e4lan har en man kastat &#8221;ett vasst f\u00f6rem\u00e5l&#8221;&hellip;\n","protected":false},"author":2,"featured_media":19510,"comment_status":"","ping_status":"","sticky":false,"template":"","format":"standard","meta":{"footnotes":""},"categories":[5],"tags":[22,23,26,27,17,21,24,25,28,29,15,16,18,34,31,33,32,30,19,20],"class_list":{"0":"post-118184","1":"post","2":"type-post","3":"status-publish","4":"format-standard","5":"has-post-thumbnail","7":"category-rubriker","8":"tag-breaking-news","9":"tag-breakingnews","10":"tag-featured-news","11":"tag-featurednews","12":"tag-headlines","13":"tag-huvudnyheter","14":"tag-latest-news","15":"tag-latestnews","16":"tag-main-news","17":"tag-mainnews","18":"tag-news","19":"tag-nyheter","20":"tag-rubriker","21":"tag-se","22":"tag-svenska","23":"tag-sverige","24":"tag-sweden","25":"tag-swedish","26":"tag-top-stories","27":"tag-topstories"},"share_on_mastodon":{"url":"https:\/\/pubeurope.com\/@se\/115790524152162464","error":""},"_links":{"self":[{"href":"https:\/\/www.europesays.com\/se\/wp-json\/wp\/v2\/posts\/118184","targetHints":{"allow":["GET"]}}],"collection":[{"href":"https:\/\/www.europesays.com\/se\/wp-json\/wp\/v2\/posts"}],"about":[{"href":"https:\/\/www.europesays.com\/se\/wp-json\/wp\/v2\/types\/post"}],"author":[{"embeddable":true,"href":"https:\/\/www.europesays.com\/se\/wp-json\/wp\/v2\/users\/2"}],"replies":[{"embeddable":true,"href":"https:\/\/www.europesays.com\/se\/wp-json\/wp\/v2\/comments?post=118184"}],"version-history":[{"count":0,"href":"https:\/\/www.europesays.com\/se\/wp-json\/wp\/v2\/posts\/118184\/revisions"}],"wp:featuredmedia":[{"embeddable":true,"href":"https:\/\/www.europesays.com\/se\/wp-json\/wp\/v2\/media\/19510"}],"wp:attachment":[{"href":"https:\/\/www.europesays.com\/se\/wp-json\/wp\/v2\/media?parent=118184"}],"wp:term":[{"taxonomy":"category","embeddable":true,"href":"https:\/\/www.europesays.com\/se\/wp-json\/wp\/v2\/categories?post=118184"},{"taxonomy":"post_tag","embeddable":true,"href":"https:\/\/www.europesays.com\/se\/wp-json\/wp\/v2\/tags?post=118184"}],"curies":[{"name":"wp","href":"https:\/\/api.w.org\/{rel}","templated":true}]}}