{"id":118196,"date":"2025-12-27T08:27:08","date_gmt":"2025-12-27T08:27:08","guid":{"rendered":"https:\/\/www.europesays.com\/se\/118196\/"},"modified":"2025-12-27T08:27:08","modified_gmt":"2025-12-27T08:27:08","slug":"trenden-har-vant-mp-kan-bli-storsta-parti-efter-m","status":"publish","type":"post","link":"https:\/\/www.europesays.com\/se\/118196\/","title":{"rendered":"Trenden har v\u00e4nt \u2013 MP kan bli st\u00f6rsta parti efter M"},"content":{"rendered":"<p>Milj\u00f6partiet v\u00e4xer och kan utmana V\u00e4nsterpartiet om fj\u00e4rdeplatsen i opinionen. Det visar en m\u00e4tning fr\u00e5n SvD\/Demoskop. <\/p>\n<p>F\u00f6r bara ett par \u00e5r sedan l\u00e5g V i ett stadigt \u00f6vertag som n\u00e4st st\u00f6rsta parti p\u00e5 v\u00e4nstersidan medan MP l\u00e5g kring riksdagssp\u00e4rren. Men trenden har v\u00e4nt och i september fick V sitt l\u00e4gsta v\u00e4ljarst\u00f6d sedan 2016: 6,2 procent. Samtidigt har MP sedan sommaren legat p\u00e5 mellan 6,2 och 7,4 procent. <\/p>\n<p>\u2013 De har f\u00f6rankrat sig p\u00e5 v\u00e4nsterkanten nu. De konkurrerar mer om samma v\u00e4ljare som V nu och det verkar ha fungerat, s\u00e4ger Johan Martinsson, opinionschef p\u00e5 Demoskop, till SvD.<\/p>\n<p>Omni \u00e4r politiskt obundna och oberoende. Vi str\u00e4var efter att ge fler perspektiv p\u00e5 nyheterna. Har du fr\u00e5gor eller synpunkter kring v\u00e5r rapportering? <a href=\"https:\/\/omni.se\/trenden-har-vant-mp-kan-bli-storsta-parti-efter-m\/a\/mailto:redaktion@omni.se\" class=\"ArticleActions_contactLink__W2F1M\" rel=\"nofollow noopener\" target=\"_blank\">Kontakta redaktionen<\/a><\/p>\n","protected":false},"excerpt":{"rendered":"Milj\u00f6partiet v\u00e4xer och kan utmana V\u00e4nsterpartiet om fj\u00e4rdeplatsen i opinionen. Det visar en m\u00e4tning fr\u00e5n SvD\/Demoskop. F\u00f6r bara&hellip;\n","protected":false},"author":2,"featured_media":118197,"comment_status":"","ping_status":"","sticky":false,"template":"","format":"standard","meta":{"footnotes":""},"categories":[12],"tags":[22,23,12388,26,27,17,21,24,25,28,29,1234,15,16,369,18,34,31,33,32,30,19,20,3416,1406],"class_list":{"0":"post-118196","1":"post","2":"type-post","3":"status-publish","4":"format-standard","5":"has-post-thumbnail","7":"category-sverige","8":"tag-breaking-news","9":"tag-breakingnews","10":"tag-demoskop","11":"tag-featured-news","12":"tag-featurednews","13":"tag-headlines","14":"tag-huvudnyheter","15":"tag-latest-news","16":"tag-latestnews","17":"tag-main-news","18":"tag-mainnews","19":"tag-miljopartiet","20":"tag-news","21":"tag-nyheter","22":"tag-politik","23":"tag-rubriker","24":"tag-se","25":"tag-svenska","26":"tag-sverige","27":"tag-sweden","28":"tag-swedish","29":"tag-top-stories","30":"tag-topstories","31":"tag-valet-2026","32":"tag-vansterpartiet"},"share_on_mastodon":{"url":"https:\/\/pubeurope.com\/@se\/115790587181212678","error":""},"_links":{"self":[{"href":"https:\/\/www.europesays.com\/se\/wp-json\/wp\/v2\/posts\/118196","targetHints":{"allow":["GET"]}}],"collection":[{"href":"https:\/\/www.europesays.com\/se\/wp-json\/wp\/v2\/posts"}],"about":[{"href":"https:\/\/www.europesays.com\/se\/wp-json\/wp\/v2\/types\/post"}],"author":[{"embeddable":true,"href":"https:\/\/www.europesays.com\/se\/wp-json\/wp\/v2\/users\/2"}],"replies":[{"embeddable":true,"href":"https:\/\/www.europesays.com\/se\/wp-json\/wp\/v2\/comments?post=118196"}],"version-history":[{"count":0,"href":"https:\/\/www.europesays.com\/se\/wp-json\/wp\/v2\/posts\/118196\/revisions"}],"wp:featuredmedia":[{"embeddable":true,"href":"https:\/\/www.europesays.com\/se\/wp-json\/wp\/v2\/media\/118197"}],"wp:attachment":[{"href":"https:\/\/www.europesays.com\/se\/wp-json\/wp\/v2\/media?parent=118196"}],"wp:term":[{"taxonomy":"category","embeddable":true,"href":"https:\/\/www.europesays.com\/se\/wp-json\/wp\/v2\/categories?post=118196"},{"taxonomy":"post_tag","embeddable":true,"href":"https:\/\/www.europesays.com\/se\/wp-json\/wp\/v2\/tags?post=118196"}],"curies":[{"name":"wp","href":"https:\/\/api.w.org\/{rel}","templated":true}]}}