{"id":118198,"date":"2025-12-27T08:28:25","date_gmt":"2025-12-27T08:28:25","guid":{"rendered":"https:\/\/www.europesays.com\/se\/118198\/"},"modified":"2025-12-27T08:28:25","modified_gmt":"2025-12-27T08:28:25","slug":"aldre-tvingas-ringa-till-senegal-for-att-boka-buss","status":"publish","type":"post","link":"https:\/\/www.europesays.com\/se\/118198\/","title":{"rendered":"\u00c4ldre tvingas ringa till Senegal f\u00f6r att boka buss"},"content":{"rendered":"<p>Tidigare tog bussf\u00f6retaget som trafikerar str\u00e4ckan, Bergkvarabuss, emot best\u00e4llningar av de som ville \u00e5ka med bussen. Men i oktober lade SL ut tj\u00e4nsten p\u00e5 en best\u00e4llningscentral som sedan tidigare hanterar n\u00e4rtrafik och sjukresor i Stockholmsomr\u00e5det.<\/p>\n<p>Det inneb\u00e4r att den som vill \u00e5ka med n\u00e4rtrafiklinjen 904 mellan Dalens sjukhus, K\u00e4rrtorp och Hammarbyh\u00f6jden i s\u00f6dra Stockholm m\u00e5ste ringa till best\u00e4llningscentralen f\u00f6r att boka sin resa.<\/p>\n<p><strong>Samtalen hamnar i<\/strong> Senegal, Estland, Moldavien eller Sk\u00f6vde, d\u00e4r operat\u00f6rerna sitter.<\/p>\n<p>\u2013 Man hamnar hos personer i utlandet som inte k\u00e4nner till omr\u00e5det. Jag blev tillfr\u00e5gad om jag vill \u00e5ka till Danderyd. Jag kan inte missa l\u00e4kartider, s\u00e4ger 83-\u00e5ringen till <a href=\"https:\/\/www.mitti.se\/nyheter\/maste-ringa-till-senegal-for-att-bestalla-narbuss-6.3.336668.e1ae832082\" rel=\"nofollow noopener\" target=\"_blank\">Mitt i Stockholm.<\/a><\/p>\n<p>Linje 904 \u00e4r fr\u00e4mst anpassad till \u00e4ldre personer och personer med funktionshinder. Bussen stannar bland annat vid v\u00e5rdcentraler.<\/p>\n<p><strong>Mitt i har pratat med<\/strong> flera resen\u00e4rer som \u00e4r missn\u00f6jda med det nya systemet. Operat\u00f6rerna ska vara svensktalande, men kunder upplever \u00e4nd\u00e5 att det kan vara sv\u00e5rt med kommunikationen.<\/p>\n<p>SL s\u00e4ger till tidningen att man jobbar f\u00f6r en f\u00f6rb\u00e4ttring och att informationen ska bli b\u00e4ttre.<\/p>\n<p>\u201dN\u00e4r samtliga best\u00e4llningar tas emot under ett och samma tak s\u00e5 f\u00e5r vi b\u00e4ttre kontroll och \u00f6versyn\u201d, skriver SL:s kommunikat\u00f6r Sophie Gunnarsson i mejl till Mitt i.<\/p>\n","protected":false},"excerpt":{"rendered":"Tidigare tog bussf\u00f6retaget som trafikerar str\u00e4ckan, Bergkvarabuss, emot best\u00e4llningar av de som ville \u00e5ka med bussen. Men i&hellip;\n","protected":false},"author":2,"featured_media":118199,"comment_status":"","ping_status":"","sticky":false,"template":"","format":"standard","meta":{"footnotes":""},"categories":[5],"tags":[22,23,26,27,17,21,24,25,28,29,15,16,18,34,31,33,32,30,19,20],"class_list":{"0":"post-118198","1":"post","2":"type-post","3":"status-publish","4":"format-standard","5":"has-post-thumbnail","7":"category-rubriker","8":"tag-breaking-news","9":"tag-breakingnews","10":"tag-featured-news","11":"tag-featurednews","12":"tag-headlines","13":"tag-huvudnyheter","14":"tag-latest-news","15":"tag-latestnews","16":"tag-main-news","17":"tag-mainnews","18":"tag-news","19":"tag-nyheter","20":"tag-rubriker","21":"tag-se","22":"tag-svenska","23":"tag-sverige","24":"tag-sweden","25":"tag-swedish","26":"tag-top-stories","27":"tag-topstories"},"share_on_mastodon":{"url":"https:\/\/pubeurope.com\/@se\/115790590975575046","error":""},"_links":{"self":[{"href":"https:\/\/www.europesays.com\/se\/wp-json\/wp\/v2\/posts\/118198","targetHints":{"allow":["GET"]}}],"collection":[{"href":"https:\/\/www.europesays.com\/se\/wp-json\/wp\/v2\/posts"}],"about":[{"href":"https:\/\/www.europesays.com\/se\/wp-json\/wp\/v2\/types\/post"}],"author":[{"embeddable":true,"href":"https:\/\/www.europesays.com\/se\/wp-json\/wp\/v2\/users\/2"}],"replies":[{"embeddable":true,"href":"https:\/\/www.europesays.com\/se\/wp-json\/wp\/v2\/comments?post=118198"}],"version-history":[{"count":0,"href":"https:\/\/www.europesays.com\/se\/wp-json\/wp\/v2\/posts\/118198\/revisions"}],"wp:featuredmedia":[{"embeddable":true,"href":"https:\/\/www.europesays.com\/se\/wp-json\/wp\/v2\/media\/118199"}],"wp:attachment":[{"href":"https:\/\/www.europesays.com\/se\/wp-json\/wp\/v2\/media?parent=118198"}],"wp:term":[{"taxonomy":"category","embeddable":true,"href":"https:\/\/www.europesays.com\/se\/wp-json\/wp\/v2\/categories?post=118198"},{"taxonomy":"post_tag","embeddable":true,"href":"https:\/\/www.europesays.com\/se\/wp-json\/wp\/v2\/tags?post=118198"}],"curies":[{"name":"wp","href":"https:\/\/api.w.org\/{rel}","templated":true}]}}