{"id":118205,"date":"2025-12-27T08:37:21","date_gmt":"2025-12-27T08:37:21","guid":{"rendered":"https:\/\/www.europesays.com\/se\/118205\/"},"modified":"2025-12-27T08:37:21","modified_gmt":"2025-12-27T08:37:21","slug":"misstankt-terrorattack-i-israel-flera-doda-och-skadade-expressen","status":"publish","type":"post","link":"https:\/\/www.europesays.com\/se\/118205\/","title":{"rendered":"Misst\u00e4nkt terrorattack i Israel \u2013 flera d\u00f6da och skadade &#8211; Expressen"},"content":{"rendered":"<ol>\n<li><a href=\"https:\/\/news.google.com\/rss\/articles\/CBMilwFBVV95cUxOSmNFbUdvQlplSGNBTnloZy1lYUNtdmVKY2F5X0tBbHIwMHQ0eVdHdGk3bVg4NHZySkdXRTd3Vm44UzI5ekIySTZQNWFxenJWMi1IMURCRE5YcFlSckFXRFJZZVlVRUdNYllGYTZGNmFZT241bWZnNVNnMDNFUFZpdENJaV8wcXZhcU5kT0Q2UFMtSXQ5OUg4?oc=5\" target=\"_blank\" rel=\"nofollow noopener\">Misst\u00e4nkt terrorattack i Israel \u2013 flera d\u00f6da och skadade<\/a>&nbsp;&nbsp;Expressen<\/li>\n<li><a href=\"https:\/\/news.google.com\/rss\/articles\/CBMiigFBVV95cUxNTi1EWks3NkVWZ19teWk4SWNCU0s5RkJvazY4Y0VKNzB6YjJlZjRCc1RJYk40TFpLTDJiUTVTQkZQN2k4OTRGSVZ3YTNZcW1VM1RPcEIwcTJRSzZIM0p2b2pBcWI4MDJiV2dXMUVaVjA1YlBGYmhkRWtTa2MtWTY1NVpPSUJQb2p0b0E?oc=5\" target=\"_blank\" rel=\"nofollow noopener\">Tv\u00e5 d\u00f6da i p\u00e5k\u00f6rningsattack \u2013 utreds som terror<\/a>&nbsp;&nbsp;Aftonbladet<\/li>\n<li><a href=\"https:\/\/news.google.com\/rss\/articles\/CBMisgFBVV95cUxNblN3ejFRQWYwdzBDUHRESkNNT0FuODREODF4R2pJT0JrMFdMcUJBOVhxclZtQ2lteFNIcFJTY1F6YUgzcjR3YUQ0MmdPQzhPMnhEYnhrNVZPQU1Ua0ZVVTJIc3VuYS1XR0hnamxLTEpiMG0yY2hScU5vYzl3SmluZXBXR3dxaGIwdjVFSEt0R2hYM3V5MUN0bUIxajBXd1dxZGZxUVFxaldjdzZ6UTRJU3NR?oc=5\" target=\"_blank\" rel=\"nofollow noopener\">IDF f\u00f6rbereder r\u00e4d p\u00e5 V\u00e4stbanken efter v\u00e5ldsd\u00e5d \u2013 Senaste nytt om kriget i Gaza<\/a>&nbsp;&nbsp;SVT Nyheter<\/li>\n<li><a href=\"https:\/\/news.google.com\/rss\/articles\/CBMigAFBVV95cUxPbVF1OUVlUlladVFUb1NidHJLT0VfaVp5ZC1zckxhV05BSUpPRmwwNnhIZjkxRU9TaVVpeXRPZmdQUXNsN2lwbjkwU25oRFZudG94amZQRUIxdEdmR0ZXaXl4LXkyWE41cFJiVF9OY1l4Mml3RUw3UVFzTFRpQVZWTQ?oc=5\" target=\"_blank\" rel=\"nofollow noopener\">Israelisk r\u00e4d p\u00e5 V\u00e4stbanken efter v\u00e5ldsd\u00e5d<\/a>&nbsp;&nbsp;SvD<\/li>\n<li><a href=\"https:\/\/news.google.com\/rss\/articles\/CBMid0FVX3lxTE54Qk5YaTk2c3g2MDJGS0pZTTFJTUYwRDJ6Z3I3Q3FXZDVGNUtQQ2dPWlRMNXpDbmY5RWE3Yk1FeWhINmoyN1p5UmM3Z0I4NElvcjNDMktYcTVpX2FIbXFoNDlQa3ZxNm9tNVVwZzRHSE5iLUVScGJB?oc=5\" target=\"_blank\" rel=\"nofollow noopener\">Tv\u00e5 personer d\u00f6dade i attack i norra Israel<\/a>&nbsp;&nbsp;Omni<\/li>\n<\/ol>\n","protected":false},"excerpt":{"rendered":"Misst\u00e4nkt terrorattack i Israel \u2013 flera d\u00f6da och skadade&nbsp;&nbsp;Expressen Tv\u00e5 d\u00f6da i p\u00e5k\u00f6rningsattack \u2013 utreds som terror&nbsp;&nbsp;Aftonbladet IDF&hellip;\n","protected":false},"author":2,"featured_media":39,"comment_status":"","ping_status":"","sticky":false,"template":"","format":"standard","meta":{"footnotes":""},"categories":[5],"tags":[22,23,26,27,17,21,24,25,28,29,15,16,18,34,31,33,32,30,19,20],"class_list":{"0":"post-118205","1":"post","2":"type-post","3":"status-publish","4":"format-standard","5":"has-post-thumbnail","7":"category-rubriker","8":"tag-breaking-news","9":"tag-breakingnews","10":"tag-featured-news","11":"tag-featurednews","12":"tag-headlines","13":"tag-huvudnyheter","14":"tag-latest-news","15":"tag-latestnews","16":"tag-main-news","17":"tag-mainnews","18":"tag-news","19":"tag-nyheter","20":"tag-rubriker","21":"tag-se","22":"tag-svenska","23":"tag-sverige","24":"tag-sweden","25":"tag-swedish","26":"tag-top-stories","27":"tag-topstories"},"share_on_mastodon":{"url":"https:\/\/pubeurope.com\/@se\/115790626355384964","error":""},"_links":{"self":[{"href":"https:\/\/www.europesays.com\/se\/wp-json\/wp\/v2\/posts\/118205","targetHints":{"allow":["GET"]}}],"collection":[{"href":"https:\/\/www.europesays.com\/se\/wp-json\/wp\/v2\/posts"}],"about":[{"href":"https:\/\/www.europesays.com\/se\/wp-json\/wp\/v2\/types\/post"}],"author":[{"embeddable":true,"href":"https:\/\/www.europesays.com\/se\/wp-json\/wp\/v2\/users\/2"}],"replies":[{"embeddable":true,"href":"https:\/\/www.europesays.com\/se\/wp-json\/wp\/v2\/comments?post=118205"}],"version-history":[{"count":0,"href":"https:\/\/www.europesays.com\/se\/wp-json\/wp\/v2\/posts\/118205\/revisions"}],"wp:featuredmedia":[{"embeddable":true,"href":"https:\/\/www.europesays.com\/se\/wp-json\/wp\/v2\/media\/39"}],"wp:attachment":[{"href":"https:\/\/www.europesays.com\/se\/wp-json\/wp\/v2\/media?parent=118205"}],"wp:term":[{"taxonomy":"category","embeddable":true,"href":"https:\/\/www.europesays.com\/se\/wp-json\/wp\/v2\/categories?post=118205"},{"taxonomy":"post_tag","embeddable":true,"href":"https:\/\/www.europesays.com\/se\/wp-json\/wp\/v2\/tags?post=118205"}],"curies":[{"name":"wp","href":"https:\/\/api.w.org\/{rel}","templated":true}]}}