{"id":118208,"date":"2025-12-27T08:40:18","date_gmt":"2025-12-27T08:40:18","guid":{"rendered":"https:\/\/www.europesays.com\/se\/118208\/"},"modified":"2025-12-27T08:40:18","modified_gmt":"2025-12-27T08:40:18","slug":"cameron-oppnar-for-avatar-bocker","status":"publish","type":"post","link":"https:\/\/www.europesays.com\/se\/118208\/","title":{"rendered":"Cameron \u00f6ppnar f\u00f6r \u201dAvatar\u201d-b\u00f6cker"},"content":{"rendered":"<p>share-arrowDela<\/p>\n<p>unsaveSpara<\/p>\n<p>expand-left<\/p>\n<p>helsk\u00e4rm<img decoding=\"async\" class=\"image-asset hyperion-css-u06ts1\" data-test-tag=\"image-asset\" src=\"https:\/\/www.europesays.com\/se\/wp-content\/uploads\/2025\/12\/89802d55-e526-434a-80d3-7bbac1e23d76\"  alt=\"James Cameron under premi\u00e4ren av &quot;Avatar: Fire and ash&quot; i Paris i b\u00f6rjan av december.\"  loading=\"eager\" fetchpriority=\"high\" style=\"aspect-ratio:1900 \/ 1267\"\/>James Cameron under premi\u00e4ren av &#8221;Avatar: Fire and ash&#8221; i Paris i b\u00f6rjan av december. Foto: Christophe Ena\/AP\/TT<\/p>\n<p class=\"hyperion-css-1shl3oz\" data-test-tag=\"lead-text\">Regiss\u00f6ren James Cameron hoppas p\u00e5 tv\u00e5 \u201dAvatar\u201d-filmer till. Men blir det inte s\u00e5 kan det i st\u00e4llet bli b\u00f6cker av den framg\u00e5ngsrika filmserien.<\/p>\n<p class=\"hyperion-css-1v9qo5x\">Tv\u00e5 framtida filmer i \u201dAvatar\u201d-universumet har redan planerats f\u00f6r premi\u00e4r 2029 och 2031, men succ\u00e9regiss\u00f6ren Cameron, som ligger bakom filmserien, \u00e4r inte helt s\u00e4ker p\u00e5 att den fj\u00e4rde och femte filmen kommer att produceras.<\/p>\n<p class=\"hyperion-css-1v9qo5x\">\u2013 Jag vet inte om ber\u00e4ttelsen forts\u00e4tter efter det h\u00e4r. Jag hoppas att den g\u00f6r det, s\u00e4ger han i en intervju med Entertainment Weekly.<\/p>\n<p class=\"hyperion-css-1v9qo5x\">Den f\u00f6rsta \u201cAvatar\u201d kom 2009 och \u00e4r den mest inkomstbringande filmen n\u00e5gonsin. Uppf\u00f6ljaren \u201cAvatar: The way of water\u201d kom 2022 och ligger trea. Det \u00e4r dessa succ\u00e9er nya \u201dAvatar: Fire and ash\u201d, som hade premi\u00e4r i b\u00f6rjan av december, har att m\u00e4ta sig med.<\/p>\n<p class=\"hyperion-css-1v9qo5x\">Om de kommande tv\u00e5 filmerna av n\u00e5gon anledning skrotas, lovar han att h\u00e5lla en presskonferens om var historien tar v\u00e4gen i st\u00e4llet. Cameron dr\u00f6mmer om att skriva b\u00f6cker om \u201dAvatar\u201d-universumet sj\u00e4lv.<\/p>\n<p class=\"hyperion-css-1v9qo5x\">\u2013 Det finns s\u00e5 mycket kultur, bakgrundshistoria och detaljer kring dessa karakt\u00e4rer som redan arbetats fram. Jag skulle \u00e4lska att g\u00f6ra n\u00e5got p\u00e5 den detaljniv\u00e5n, s\u00e4ger han.<\/p>\n","protected":false},"excerpt":{"rendered":"share-arrowDela unsaveSpara expand-left helsk\u00e4rmJames Cameron under premi\u00e4ren av &#8221;Avatar: Fire and ash&#8221; i Paris i b\u00f6rjan av december.&hellip;\n","protected":false},"author":2,"featured_media":118209,"comment_status":"","ping_status":"","sticky":false,"template":"","format":"standard","meta":{"footnotes":""},"categories":[67],"tags":[104,34,31,33,32,30,105],"class_list":{"0":"post-118208","1":"post","2":"type-post","3":"status-publish","4":"format-standard","5":"has-post-thumbnail","7":"category-underhallning","8":"tag-entertainment","9":"tag-se","10":"tag-svenska","11":"tag-sverige","12":"tag-sweden","13":"tag-swedish","14":"tag-underhallning"},"share_on_mastodon":{"url":"https:\/\/pubeurope.com\/@se\/115790638313123370","error":""},"_links":{"self":[{"href":"https:\/\/www.europesays.com\/se\/wp-json\/wp\/v2\/posts\/118208","targetHints":{"allow":["GET"]}}],"collection":[{"href":"https:\/\/www.europesays.com\/se\/wp-json\/wp\/v2\/posts"}],"about":[{"href":"https:\/\/www.europesays.com\/se\/wp-json\/wp\/v2\/types\/post"}],"author":[{"embeddable":true,"href":"https:\/\/www.europesays.com\/se\/wp-json\/wp\/v2\/users\/2"}],"replies":[{"embeddable":true,"href":"https:\/\/www.europesays.com\/se\/wp-json\/wp\/v2\/comments?post=118208"}],"version-history":[{"count":0,"href":"https:\/\/www.europesays.com\/se\/wp-json\/wp\/v2\/posts\/118208\/revisions"}],"wp:featuredmedia":[{"embeddable":true,"href":"https:\/\/www.europesays.com\/se\/wp-json\/wp\/v2\/media\/118209"}],"wp:attachment":[{"href":"https:\/\/www.europesays.com\/se\/wp-json\/wp\/v2\/media?parent=118208"}],"wp:term":[{"taxonomy":"category","embeddable":true,"href":"https:\/\/www.europesays.com\/se\/wp-json\/wp\/v2\/categories?post=118208"},{"taxonomy":"post_tag","embeddable":true,"href":"https:\/\/www.europesays.com\/se\/wp-json\/wp\/v2\/tags?post=118208"}],"curies":[{"name":"wp","href":"https:\/\/api.w.org\/{rel}","templated":true}]}}