{"id":118210,"date":"2025-12-27T08:42:22","date_gmt":"2025-12-27T08:42:22","guid":{"rendered":"https:\/\/www.europesays.com\/se\/118210\/"},"modified":"2025-12-27T08:42:22","modified_gmt":"2025-12-27T08:42:22","slug":"ingen-stegrande-start-pa-arets-mellandagsrea-i-lidkoping-det-ar-inte-som-det-var-forr-nlt","status":"publish","type":"post","link":"https:\/\/www.europesays.com\/se\/118210\/","title":{"rendered":"Ingen stegrande start p\u00e5 \u00e5rets mellandagsrea i Lidk\u00f6ping: \u201dDet \u00e4r inte som det var f\u00f6rr\u201d &#8211; NLT"},"content":{"rendered":"<ol>\n<li><a href=\"https:\/\/news.google.com\/rss\/articles\/CBMivwFBVV95cUxNdWJudEZpSGtUWFpJckdUNm1ZM0NIb3QtdXhnS3Bic3Mya0lpZHI2Yk56RFhnMUpWRlozX2lXc2VFa3NXcm9Kc3dqZnJILWU1XzQ2X3VmcEpvN3BCdHhnM3V6MzRCYVlteF9BTHlGWV84OEZQU0UwNFdDbVAyeHY4bG9pZE5CWnVJdUxpbFZ5NUNRU2dib2s4ekdSS2xGWmxQdTJCSGtWd0c2Z2xIX2VNMVRJYVY4QkRWY0NPSzBpbw?oc=5\" target=\"_blank\" rel=\"nofollow noopener\">Ingen stegrande start p\u00e5 \u00e5rets mellandagsrea i Lidk\u00f6ping: \u201dDet \u00e4r inte som det var f\u00f6rr\u201d<\/a>&nbsp;&nbsp;NLT<\/li>\n<li><a href=\"https:\/\/news.google.com\/rss\/articles\/CBMimgFBVV95cUxPWEt3S3hhSk1IR1pYV0k2dGpHUTVMZlJieEZhSzYyc1FfbUtfVEhBeGhURHhPdEQtbzVIaGZQMVJ6aTB4Q25idTdtN1Y4YnQ3amVqWU52RFBseDFhS1JDTzNlanczOTRBcXVibG1FTU9QODdZVm5HQmVuVjRBY0x5RWxVenhZSkZ1Nll5YWlNQXBoMUpqSTY4YXNB?oc=5\" target=\"_blank\" rel=\"nofollow noopener\">H\u00e4r \u00e4r vad blekingarna letar efter p\u00e5 mellandagsrea<\/a>&nbsp;&nbsp;SVT Nyheter<\/li>\n<li><a href=\"https:\/\/news.google.com\/rss\/articles\/CBMilwFBVV95cUxQREFkSnd3Y2Jyc2ZJd3NzMWY5N1psd3dRb1VZWk5UUHF0QnFhbW4zWjU3QTd2ZUNISmt4LXJjWWNXYkpwVklERFNQV0lDNktVQzk0dVZiVjRWZS0wMkdOV0V6cklQZEJQbEg1NWpkMXRFYkNXdlFxci10eVlmSlFPaEE0dUtvVFp2bU15XzdtSVNTR2w4TVdz?oc=5\" target=\"_blank\" rel=\"nofollow noopener\">Mellandagsrean inte lika stor idag \u2013 men Jalal letar fynd<\/a>&nbsp;&nbsp;Sveriges Radio<\/li>\n<li><a href=\"https:\/\/news.google.com\/rss\/articles\/CBMingFBVV95cUxNNUlVVkZCSV9zdmloVk1wcUcxcUJBbURfTjZnZnZhZlJEZmI4VmVSdnNFZ05GQk40a0lNR0VFaWwwaDlmOVVwSDF4TGRTOS05OWpINDhzLWJiVW0xOWo5NEk1Tlg1bkkySmM5dm1HLWd5LTgzM3Y3RW83U0VKSncwbXpOOHU4TTRZOTRJWXBMQW9DajhhRGJsaThPYXptZw?oc=5\" target=\"_blank\" rel=\"nofollow noopener\">Fyndj\u00e4gare fyllde Flygstaden n\u00e4r mellandagsrean drog ig\u00e5ng i Esl\u00f6v<\/a>&nbsp;&nbsp;Sk\u00e5nska Dagbladet<\/li>\n<li><a href=\"https:\/\/news.google.com\/rss\/articles\/CBMijgFBVV95cUxPejFWR1Z0OW5BUXZtVXhGem00eEY3N2RjODVXMmRESVFrRURLaDdiaDMyXzR6RUowZElWellaNXVwd2M0TXUxYmZfR1NvTjhqTFZjNGxOMEF4VUloQXVVQ0hjZkNLcU13NXlMUUZUblFFaTVaMmVUQVFITDdHS25zQmZxQU5fdjNqd2VDYjNB?oc=5\" target=\"_blank\" rel=\"nofollow noopener\">Rena julafton f\u00f6r handeln p\u00e5 \u00e5rets mellandagsrea<\/a>&nbsp;&nbsp;sla.se<\/li>\n<\/ol>\n","protected":false},"excerpt":{"rendered":"Ingen stegrande start p\u00e5 \u00e5rets mellandagsrea i Lidk\u00f6ping: \u201dDet \u00e4r inte som det var f\u00f6rr\u201d&nbsp;&nbsp;NLT H\u00e4r \u00e4r vad&hellip;\n","protected":false},"author":2,"featured_media":117781,"comment_status":"","ping_status":"","sticky":false,"template":"","format":"standard","meta":{"footnotes":""},"categories":[65],"tags":[72,70,71,34,31,33,32,30],"class_list":{"0":"post-118210","1":"post","2":"type-post","3":"status-publish","4":"format-standard","5":"has-post-thumbnail","7":"category-ekonomi","8":"tag-business","9":"tag-economy","10":"tag-ekonomi","11":"tag-se","12":"tag-svenska","13":"tag-sverige","14":"tag-sweden","15":"tag-swedish"},"share_on_mastodon":{"url":"https:\/\/pubeurope.com\/@se\/115790646002723596","error":""},"_links":{"self":[{"href":"https:\/\/www.europesays.com\/se\/wp-json\/wp\/v2\/posts\/118210","targetHints":{"allow":["GET"]}}],"collection":[{"href":"https:\/\/www.europesays.com\/se\/wp-json\/wp\/v2\/posts"}],"about":[{"href":"https:\/\/www.europesays.com\/se\/wp-json\/wp\/v2\/types\/post"}],"author":[{"embeddable":true,"href":"https:\/\/www.europesays.com\/se\/wp-json\/wp\/v2\/users\/2"}],"replies":[{"embeddable":true,"href":"https:\/\/www.europesays.com\/se\/wp-json\/wp\/v2\/comments?post=118210"}],"version-history":[{"count":0,"href":"https:\/\/www.europesays.com\/se\/wp-json\/wp\/v2\/posts\/118210\/revisions"}],"wp:featuredmedia":[{"embeddable":true,"href":"https:\/\/www.europesays.com\/se\/wp-json\/wp\/v2\/media\/117781"}],"wp:attachment":[{"href":"https:\/\/www.europesays.com\/se\/wp-json\/wp\/v2\/media?parent=118210"}],"wp:term":[{"taxonomy":"category","embeddable":true,"href":"https:\/\/www.europesays.com\/se\/wp-json\/wp\/v2\/categories?post=118210"},{"taxonomy":"post_tag","embeddable":true,"href":"https:\/\/www.europesays.com\/se\/wp-json\/wp\/v2\/tags?post=118210"}],"curies":[{"name":"wp","href":"https:\/\/api.w.org\/{rel}","templated":true}]}}