{"id":118213,"date":"2025-12-27T08:48:47","date_gmt":"2025-12-27T08:48:47","guid":{"rendered":"https:\/\/www.europesays.com\/se\/118213\/"},"modified":"2025-12-27T08:48:47","modified_gmt":"2025-12-27T08:48:47","slug":"nu-gar-det-att-se-toner-av-karlek-julens-mysigaste-film-mycket-hjarta","status":"publish","type":"post","link":"https:\/\/www.europesays.com\/se\/118213\/","title":{"rendered":"Nu g\u00e5r det att se \u201dToner av k\u00e4rlek\u201d \u2013 julens mysigaste film: \u201dMycket hj\u00e4rta\u201d"},"content":{"rendered":"<p>&#13;<br \/>\n                 &#13;<br \/>\n                                                Hugh Jackman och Kate Hudson i film om Neil Diamonds musik&#13;<br \/>\n    &#13;<\/p>\n<p class=\"content-article__preamble\">Tv\u00e5 musikaliska underdogs hittar b\u00e5de k\u00e4rlek och framg\u00e5ng i verklighetsinspirerad ber\u00e4ttelse som f\u00e5r svensk biopremi\u00e4r p\u00e5 juldagen. <\/p>\n<p>&#13;<br \/>\n                                            &#13;<br \/>\n    &#13;<br \/>\n    &#13;<br \/>\n&#13;<br \/>\n    &#13;<br \/>\n    &#13;<\/p>\n<p>En av julens stora biopremi\u00e4rer \u00e4r den nya amerikanska satsningen d\u00e4r de tv\u00e5 stora filmstj\u00e4rnorna <a href=\"https:\/\/www.filmtopp.se\/tagg\/hugh-jackman\" rel=\"nofollow noopener\" target=\"_blank\"><strong>Hugh Jackman<\/strong><\/a> och <a href=\"https:\/\/www.filmtopp.se\/tagg\/kate-hudson\" rel=\"nofollow noopener\" target=\"_blank\"><strong>Kate<\/strong> <strong>Hudson<\/strong><\/a> spelar huvudrollerna som tv\u00e5 k\u00e4mpande amat\u00f6rmusiker n\u00e4r de bildar ett coverband som spelar <strong>Neil Diamonds<\/strong> musik.\u00a0<\/p>\n<p><strong>L\u00c4S OCKS\u00c5:<\/strong>\u00a0<a href=\"https:\/\/www.filmtopp.se\/nyhet\/svtplay-fantastiskt-drama-med-rolf-lassgard-nu-pa-svt-play-gripande-historia\" rel=\"nofollow noopener\" target=\"_blank\">Fantastiskt drama med Rolf Lassg\u00e5rd nu p\u00e5 SVT Play: \u201dGripande historia\u201d<\/a><\/p>\n<p>\u201dToner av k\u00e4rlek\u201d \u2013 en Hollywoodversion av sann ber\u00e4ttelse<\/p>\n<p dir=\"ltr\">Filmen i fr\u00e5ga heter <a href=\"https:\/\/www.imdb.com\/title\/tt30343021\/\" target=\"_blank\" rel=\"noopener nofollow\">Toner av k\u00e4rlek <\/a>och f\u00f6ljer Mike, en Vietnamveteran som \u00e4r nykter sedan 20 \u00e5r tillbaka, och Claire, en ensamst\u00e5ende fris\u00f6r. N\u00e4r de tr\u00e4ffar varandra i skarven mellan 80- och 90-talets Milwaukee sl\u00e5r gnistorna och de best\u00e4mmer sig f\u00f6r att starta ett coverband som spelar Neil Diamond-l\u00e5tar. Som \u201cLightning and Thunder\u201d beger paret sig ut p\u00e5 en musikalisk resa som kommer att kantas av stor framg\u00e5ng och f\u00f6rkrossande hj\u00e4rtesorg.<\/p>\n<p dir=\"ltr\">Filmen \u00e4r en fiktionaliserad nyversion av <strong>Greg Kohns<\/strong> dokument\u00e4r Song Sung Blue fr\u00e5n 2008.<\/p>\n<p>Hudson nominerad f\u00f6r sin insats<\/p>\n<p dir=\"ltr\">F\u00f6r alla oss som \u00e4r bekanta med Hugh Jackmans musikaliska beg\u00e5vning fr\u00e5n filmer som\u00a0The Greatest Showman\u00a0och\u00a0Les Mis\u00e9rables\u00a0l\u00e5ter premissen till\u00a0Toner av k\u00e4rlek\u00a0verkligen som handen i handsken f\u00f6r honom. Den som har f\u00e5tt allra mest hyllningar f\u00f6r sin insats \u00e4r d\u00e4remot\u00a0<strong>Kate Hudson<\/strong>\u00a0som bland annat nominerats till en\u00a0<strong>Golden Globe<\/strong>.\u00a0<\/p>\n<p dir=\"ltr\">Filmen \u00e4r regisserad av\u00a0<strong>Craig Brewer<\/strong>\u00a0(Dolemite is My Name), och f\u00f6rutom Jackman och Hudson syns \u00e4ven sk\u00e5despelare som\u00a0<strong>Michael Imperioli<\/strong>\u00a0(Sopranos),\u00a0<strong>Jim<\/strong> <strong>Belushi<\/strong>\u00a0(Jims v\u00e4rld) och\u00a0<strong>Fisher<\/strong> <strong>Stevens<\/strong>\u00a0(Succession) i rollerna.\u00a0<\/p>\n<p dir=\"ltr\"><strong>L\u00c4S OCKS\u00c5:<\/strong>\u00a0<a href=\"https:\/\/www.filmtopp.se\/recension\/svtplay-jag-for-ner-till-bror-ar-ett-morkt-drama-som-ar-omojligt-att-skaka-av-sig\" rel=\"nofollow noopener\" target=\"_blank\">\u201dJag for ner till bror\u201d \u00e4r ett m\u00f6rkt drama som \u00e4r om\u00f6jligt att skaka av sig<\/a><\/p>\n<p><img loading=\"lazy\" decoding=\"async\" src=\"https:\/\/www.europesays.com\/se\/wp-content\/uploads\/2025\/12\/Toner_Av_Karlek_02.jpg\" alt=\"Nu g\u00e5r det att se \u201dToner av k\u00e4rlek\u201d \u2013 julens mysigaste film: \u201dMycket hj\u00e4rta\u201d\" width=\"900\" height=\"576\"\/>&#13;<br \/>\nFoto: UIP-Dunafilm.&#13;<\/p>\n<p>Variety: \u201cJukeboxversion av Jonathan Demme\u201d<\/p>\n<p dir=\"ltr\">Toner av k\u00e4rlek har i skrivande stund 72 procent positiva kritikerutl\u00e5tanden p\u00e5 <a href=\"https:\/\/www.rottentomatoes.com\/m\/song_sung_blue_2025\" target=\"_blank\" rel=\"noopener nofollow\"><strong>Rotten<\/strong> <strong>Tomatoes<\/strong><\/a>. S\u00e5 h\u00e4r skriver n\u00e5gra av kritikerna som gillade filmen mest:\u00a0<\/p>\n<p dir=\"ltr\"><strong>David Rooney<\/strong> p\u00e5 <a href=\"https:\/\/www.hollywoodreporter.com\/movies\/movie-reviews\/song-sung-blue-review-hugh-jackman-kate-hudson-neil-diamond-1236410565\/\" target=\"_blank\" rel=\"noopener nofollow\"><strong>Hollywood<\/strong> <strong>Reporter<\/strong><\/a>: \u201cEn familjefilm i ordets b\u00e4sta bem\u00e4rkelse och en publikfavorit med enormt mycket hj\u00e4rta.\u201d<\/p>\n<p dir=\"ltr\"><strong>Owen<\/strong> <strong>Gleiberman<\/strong> p\u00e5 <strong><a href=\"https:\/\/variety.com\/2025\/film\/reviews\/song-sung-blue-review-hugh-jackman-kate-hudson-1236561525\/\" target=\"_blank\" rel=\"noopener nofollow\">Variety<\/a><\/strong>: \u201cBrewer navigerar den h\u00e4r terr\u00e4ngen som en jukeboxversion av <strong>Jonathan Demme<\/strong>.\u201d<\/p>\n<p dir=\"ltr\"><strong>Christian<\/strong> <strong>Zilko<\/strong> p\u00e5 <strong><a href=\"https:\/\/www.indiewire.com\/criticism\/movies\/song-sung-blue-review-1235157619\/\" target=\"_blank\" rel=\"noopener nofollow\">IndieWire<\/a><\/strong>: \u201cOm en Diamond-l\u00e5t kan f\u00e5 dig att sm\u00e4lta kommer Brewers film nog ocks\u00e5 kunna g\u00f6ra det.\u201d<\/p>\n<p dir=\"ltr\"><strong>Bob<\/strong> <strong>Strauss<\/strong> p\u00e5 <a href=\"https:\/\/www.sfchronicle.com\/entertainment\/movies-tv\/article\/song-sung-blue-neil-diamond-21225889.php\" target=\"_blank\" rel=\"nofollow noopener\"><strong>San<\/strong> <strong>Francisco<\/strong> <strong>Chronicle<\/strong><\/a>: \u201cToner av k\u00e4rlek lyckas gestalta den k\u00e4rlek som miljoner m\u00e4nniskor har f\u00f6r Neil Diamonds kitsch\u201d.\u00a0<\/p>\n<p><strong>\u201cToner av k\u00e4rlek\u201d g\u00e5r upp p\u00e5 svenska biografer den 25 december.<\/strong><\/p>\n<p><strong><a href=\"https:\/\/www.filmtopp.se\/\" rel=\"nofollow noopener\" target=\"_blank\">Filmtopp<\/a> uppdaterar dig med nyheter och tips inom streaming. F\u00f6r att inte missa n\u00e5gon stor h\u00e4ndelse \u2013 <a href=\"https:\/\/www.facebook.com\/filmtopp\" target=\"_blank\" rel=\"noopener nofollow\">f\u00f6lj oss p\u00e5 Facebook<\/a>.<\/strong><\/p>\n","protected":false},"excerpt":{"rendered":"&#13; &#13; Hugh Jackman och Kate Hudson i film om Neil Diamonds musik&#13; &#13; Tv\u00e5 musikaliska underdogs hittar&hellip;\n","protected":false},"author":2,"featured_media":118214,"comment_status":"","ping_status":"","sticky":false,"template":"","format":"standard","meta":{"footnotes":""},"categories":[67],"tags":[104,34,31,33,32,30,105],"class_list":{"0":"post-118213","1":"post","2":"type-post","3":"status-publish","4":"format-standard","5":"has-post-thumbnail","7":"category-underhallning","8":"tag-entertainment","9":"tag-se","10":"tag-svenska","11":"tag-sverige","12":"tag-sweden","13":"tag-swedish","14":"tag-underhallning"},"share_on_mastodon":{"url":"https:\/\/pubeurope.com\/@se\/115790673692795312","error":""},"_links":{"self":[{"href":"https:\/\/www.europesays.com\/se\/wp-json\/wp\/v2\/posts\/118213","targetHints":{"allow":["GET"]}}],"collection":[{"href":"https:\/\/www.europesays.com\/se\/wp-json\/wp\/v2\/posts"}],"about":[{"href":"https:\/\/www.europesays.com\/se\/wp-json\/wp\/v2\/types\/post"}],"author":[{"embeddable":true,"href":"https:\/\/www.europesays.com\/se\/wp-json\/wp\/v2\/users\/2"}],"replies":[{"embeddable":true,"href":"https:\/\/www.europesays.com\/se\/wp-json\/wp\/v2\/comments?post=118213"}],"version-history":[{"count":0,"href":"https:\/\/www.europesays.com\/se\/wp-json\/wp\/v2\/posts\/118213\/revisions"}],"wp:featuredmedia":[{"embeddable":true,"href":"https:\/\/www.europesays.com\/se\/wp-json\/wp\/v2\/media\/118214"}],"wp:attachment":[{"href":"https:\/\/www.europesays.com\/se\/wp-json\/wp\/v2\/media?parent=118213"}],"wp:term":[{"taxonomy":"category","embeddable":true,"href":"https:\/\/www.europesays.com\/se\/wp-json\/wp\/v2\/categories?post=118213"},{"taxonomy":"post_tag","embeddable":true,"href":"https:\/\/www.europesays.com\/se\/wp-json\/wp\/v2\/tags?post=118213"}],"curies":[{"name":"wp","href":"https:\/\/api.w.org\/{rel}","templated":true}]}}