{"id":118224,"date":"2025-12-27T09:13:07","date_gmt":"2025-12-27T09:13:07","guid":{"rendered":"https:\/\/www.europesays.com\/se\/118224\/"},"modified":"2025-12-27T09:13:07","modified_gmt":"2025-12-27T09:13:07","slug":"gulli-gor-sigredo-for-talkshow","status":"publish","type":"post","link":"https:\/\/www.europesays.com\/se\/118224\/","title":{"rendered":"Gulli g\u00f6r sigredo f\u00f6r talkshow"},"content":{"rendered":"<p><strong>Gulli \u00e4r tillbaka, och den h\u00e4r g\u00e5ngen inf\u00f6r en \u00e4nnu st\u00f6rre publik. Efter att ha blivit varm i kl\u00e4derna som talkshowv\u00e4rdinna i Osby 2024 bygger hon nu upp sin studio p\u00e5 Live! \u00c4lmhult, f\u00f6r premi\u00e4r den 27 mars.<\/strong><\/p>\n<p>Mera glitter, st\u00f6rre publik och tv\u00e5 av Sveriges st\u00f6rsta komiker som g\u00e4ster. Gulli \u00e4r laddad till t\u00e4nderna f\u00f6r sin \u00e5terkomst som talkshowv\u00e4rdinna.<\/p>\n<p>Det \u00e4r \u00e4ven Jessica Persson (Gullis alterego) och Lasse Magnusson fr\u00e5n Scenliv och Johan Wirell, som \u00e4r projektledare p\u00e5 Live! \u00c4lmhult n\u00e4r vi tr\u00e4ffar dem under presskonferensen inf\u00f6r f\u00f6rest\u00e4llningen.<\/p>\n<p>\u2013 Det \u00e4r faktisk lite kul, f\u00f6r Gulli d\u00f6k upp f\u00f6r f\u00f6rsta g\u00e5ngen i ett nummer tillsammans med Johan Wirell. Sedan dess har hon varit ute p\u00e5 allt fr\u00e5n f\u00f6retagsgig till Arl\u00f6vsrevyn, d\u00e4r hon gjorde succ\u00e9 f\u00f6rra \u00e5ret, ber\u00e4ttar Jessica Persson.<\/p>\n<p>STJ\u00c4RNKOMIKER I SOFFAN<\/p>\n<p>Lasse Magnusson h\u00e5ller upp affischen inf\u00f6r s\u00e4song tv\u00e5 av Gullis Talkshow \u2013 den h\u00e4r g\u00e5ngen har man inte sparat p\u00e5 krutet n\u00e4r det g\u00e4ller g\u00e4sterna \u2013 Johan Glans och Annika Andersson dyker upp f\u00f6r att f\u00f6rgylla showen.<\/p>\n<p>\u2013 F\u00f6rra g\u00e5ngen k\u00f6rde vi tre helger, med tre olika g\u00e4ster. P\u00e5 Live! f\u00e5r vi plats med en betydligt st\u00f6rre publik, och satsar p\u00e5 tv\u00e5 kv\u00e4llar d\u00e4r b\u00e5de Johan och Annika \u00e4r med, s\u00e4ger Lasse.<\/p>\n<p>\u2013 Egentligen var v\u00e4l Globen n\u00e4sta steg f\u00f6r Gulli, men vi tror att m\u00f6jligheterna och studiok\u00e4nslan som g\u00e5r att bygga upp h\u00e4r kommer att bli fantastisk.<\/p>\n<p>\u201dFANTASTISK KEMI\u201d<\/p>\n<p>Jessica Persson \u2013 som \u00e4r \u201dmamma\u201d till Gulli \u2013<br \/>ser fram emot att sl\u00e4ppa fram sitt alterego f\u00f6r ytterligare tv\u00e5 helkv\u00e4llar i rampljuset.<\/p>\n<p>\u2013 Gulli \u00e4r en sanningss\u00e4gare. Det \u00e4r spontaniteten som g\u00f6r att folk gillar henne \u2013 n\u00e5gonstans s\u00e5 \u00e4r det v\u00e4l allt det d\u00e4r som Jessica t\u00e4nker, men inte g\u00f6r, som kommer fram genom henne.<\/p>\n<p>\u2013 Hon \u00e4r v\u00e4ldigt glad f\u00f6r att Annika och Johan tackade ja, och hela grejen med talkshowformatet \u00e4r att g\u00e4sterna sj\u00e4lva inte vet vad de kommer att bli utsatta f\u00f6r \u2013 men jag \u00e4r \u00f6vertygad om att det kommer bli en fantastisk kemi, s\u00e4ger Jessica.<\/p>\n<p>\u201dL\u00c4RT MIG OERH\u00d6RT MYCKET\u201d<\/p>\n<p>Att ha en alternativ personlighet i sin verktygsl\u00e5da p\u00e5 scenen \u00e4r tudelat, erk\u00e4nner Jessica, som \u00e4nd\u00e5 \u00e4lskar den brokiga Gulli.<\/p>\n<p>\u2013 Ibland kan jag bli tr\u00f6tt p\u00e5 henne \u2013 och jag kan verkligen k\u00e4nna en oro f\u00f6r hur hon ska tas emot n\u00e4r jag sl\u00e4pper loss henne p\u00e5 scenen. Samtidigt \u00e4r hon en v\u00e4ldig tillg\u00e5ng \u2013 vill ingen boka Jessica s\u00e5 verkar alltid Gulli kunna f\u00e5 jobb, skrattar hon.<\/p>\n<p>\u2013 Sanningen \u00e4r att Gulli har l\u00e4rt mig oerh\u00f6rt mycket inom standupen. N\u00e5gonstans slog det mig att Jessica beh\u00f6ver bli mer som Gulli, och det har verkligen blivit en tillg\u00e5ng. F\u00f6rra talkshowen var n\u00e5got av det roligaste jag har gjort, och det ska bli fantastiskt kul att g\u00f6ra det igen!<\/p>\n<p>TEXT:ERIK@ESPRESSOMEDIA.SE<\/p>\n","protected":false},"excerpt":{"rendered":"Gulli \u00e4r tillbaka, och den h\u00e4r g\u00e5ngen inf\u00f6r en \u00e4nnu st\u00f6rre publik. Efter att ha blivit varm i&hellip;\n","protected":false},"author":2,"featured_media":118225,"comment_status":"","ping_status":"","sticky":false,"template":"","format":"standard","meta":{"footnotes":""},"categories":[67],"tags":[104,34,31,33,32,30,105],"class_list":{"0":"post-118224","1":"post","2":"type-post","3":"status-publish","4":"format-standard","5":"has-post-thumbnail","7":"category-underhallning","8":"tag-entertainment","9":"tag-se","10":"tag-svenska","11":"tag-sverige","12":"tag-sweden","13":"tag-swedish","14":"tag-underhallning"},"share_on_mastodon":{"url":"https:\/\/pubeurope.com\/@se\/115790767870431600","error":""},"_links":{"self":[{"href":"https:\/\/www.europesays.com\/se\/wp-json\/wp\/v2\/posts\/118224","targetHints":{"allow":["GET"]}}],"collection":[{"href":"https:\/\/www.europesays.com\/se\/wp-json\/wp\/v2\/posts"}],"about":[{"href":"https:\/\/www.europesays.com\/se\/wp-json\/wp\/v2\/types\/post"}],"author":[{"embeddable":true,"href":"https:\/\/www.europesays.com\/se\/wp-json\/wp\/v2\/users\/2"}],"replies":[{"embeddable":true,"href":"https:\/\/www.europesays.com\/se\/wp-json\/wp\/v2\/comments?post=118224"}],"version-history":[{"count":0,"href":"https:\/\/www.europesays.com\/se\/wp-json\/wp\/v2\/posts\/118224\/revisions"}],"wp:featuredmedia":[{"embeddable":true,"href":"https:\/\/www.europesays.com\/se\/wp-json\/wp\/v2\/media\/118225"}],"wp:attachment":[{"href":"https:\/\/www.europesays.com\/se\/wp-json\/wp\/v2\/media?parent=118224"}],"wp:term":[{"taxonomy":"category","embeddable":true,"href":"https:\/\/www.europesays.com\/se\/wp-json\/wp\/v2\/categories?post=118224"},{"taxonomy":"post_tag","embeddable":true,"href":"https:\/\/www.europesays.com\/se\/wp-json\/wp\/v2\/tags?post=118224"}],"curies":[{"name":"wp","href":"https:\/\/api.w.org\/{rel}","templated":true}]}}